{"id":1894,"date":"2022-03-10T19:45:27","date_gmt":"2022-03-10T18:45:27","guid":{"rendered":"https:\/\/www.baerenfunk.de\/?p=1894"},"modified":"2022-03-10T20:27:58","modified_gmt":"2022-03-10T19:27:58","slug":"neuer-vorstand-gewaehlt","status":"publish","type":"post","link":"https:\/\/www.baerenfunk.de\/index.php\/2022\/03\/10\/neuer-vorstand-gewaehlt\/","title":{"rendered":"Neuer Vorstand gew\u00e4hlt"},"content":{"rendered":"\n<p>Auf seiner Jahreshauptversammlung hat der Ortsverband H48 einen neuen Vorstand gew\u00e4hlt. Einige Wochen vor der Wahl hatten Eugen, DL5UHR und Roland, DF1OE zu erkennen gegeben, dass sie ihr Amt in j\u00fcngere H\u00e4nde \u00fcbergeben wollten. Die OV-Versammlung in der Gastst\u00e4tte des SV Linden 07 war mit 20 OV-Mitgliedern gut besucht &#8211; weitere hatten die M\u00f6glichkeit, die Sitzung via ZOOM live zu verfolgen. Hier in aller k\u00fcrze der neue Vorstand und die weiteren \u00c4mter:<br><br>OVV:  Andreas Grundei, DC3WX<br>stv. OVV:   Ingo Dellwig, DO4ID<br>Jugendarbeit:   Oliver Meyer, DO1OLM<br>QSL-Manager:   Wolfgang Blank, DL4AH<br>Ger\u00e4tewart:   Eugen Kr\u00fcmpelmann, DL5UHR<br>Kassenwart:   Detlef (Blacky) Schwarz, DD0ON<br>Kommunikation:   Roland Schaeling, DF1OE<\/p>\n\n\n\n<p>In den n\u00e4chsten Wochen wird eine \u00dcbergabe der Amtsgesch\u00e4fte an den neuen Vorstand erfolgen. Die anwesenden OMs gratulierten einhellig den neugew\u00e4hlten OMs zur Wahl und w\u00fcnschten ihnen viel Spass und einen hohen Wirkungsgrad.<\/p>\n","protected":false},"excerpt":{"rendered":"<p>Auf seiner Jahreshauptversammlung hat der Ortsverband H48 einen neuen Vorstand gew\u00e4hlt. Einige Wochen vor der Wahl hatten Eugen, DL5UHR und Roland, DF1OE zu erkennen gegeben, dass sie ihr Amt in &hellip; <\/p>\n<p class=\"link-more\"><a href=\"https:\/\/www.baerenfunk.de\/index.php\/2022\/03\/10\/neuer-vorstand-gewaehlt\/\" class=\"more-link\"><span class=\"screen-reader-text\">\u201eNeuer Vorstand gew\u00e4hlt\u201c<\/span> weiterlesen<\/a><\/p>\n","protected":false},"author":1,"featured_media":0,"comment_status":"closed","ping_status":"closed","sticky":false,"template":"","format":"standard","meta":{"footnotes":""},"categories":[4,75],"tags":[],"_links":{"self":[{"href":"https:\/\/www.baerenfunk.de\/index.php\/wp-json\/wp\/v2\/posts\/1894"}],"collection":[{"href":"https:\/\/www.baerenfunk.de\/index.php\/wp-json\/wp\/v2\/posts"}],"about":[{"href":"https:\/\/www.baerenfunk.de\/index.php\/wp-json\/wp\/v2\/types\/post"}],"author":[{"embeddable":true,"href":"https:\/\/www.baerenfunk.de\/index.php\/wp-json\/wp\/v2\/users\/1"}],"replies":[{"embeddable":true,"href":"https:\/\/www.baerenfunk.de\/index.php\/wp-json\/wp\/v2\/comments?post=1894"}],"version-history":[{"count":2,"href":"https:\/\/www.baerenfunk.de\/index.php\/wp-json\/wp\/v2\/posts\/1894\/revisions"}],"predecessor-version":[{"id":1897,"href":"https:\/\/www.baerenfunk.de\/index.php\/wp-json\/wp\/v2\/posts\/1894\/revisions\/1897"}],"wp:attachment":[{"href":"https:\/\/www.baerenfunk.de\/index.php\/wp-json\/wp\/v2\/media?parent=1894"}],"wp:term":[{"taxonomy":"category","embeddable":true,"href":"https:\/\/www.baerenfunk.de\/index.php\/wp-json\/wp\/v2\/categories?post=1894"},{"taxonomy":"post_tag","embeddable":true,"href":"https:\/\/www.baerenfunk.de\/index.php\/wp-json\/wp\/v2\/tags?post=1894"}],"curies":[{"name":"wp","href":"https:\/\/api.w.org\/{rel}","templated":true}]}}