{"id":1893,"date":"2022-03-12T18:09:46","date_gmt":"2022-03-12T17:09:46","guid":{"rendered":"https:\/\/www.baerenfunk.de\/?p=1893"},"modified":"2022-03-12T18:09:48","modified_gmt":"2022-03-12T17:09:48","slug":"h48-spendet-fuer-die-ukraine","status":"publish","type":"post","link":"https:\/\/www.baerenfunk.de\/index.php\/2022\/03\/12\/h48-spendet-fuer-die-ukraine\/","title":{"rendered":"H48 spendet f\u00fcr die Ukraine"},"content":{"rendered":"\n<p>Sicher eine ungew\u00f6hnliche Idee von Andi, DC3WX: <br>Auf der Jahreshauptversammlung der Schwarzen B\u00e4ren gab es einen B\u00fcchertisch mit Fachb\u00fcchern aus der Elektrotechnik &#8211; wer sich f\u00fcr eins der B\u00fccher interessierte konnte es gegen eine Geldspende f\u00fcr die Ukraine mit nach Hause nehmen. Andi versprach den so gespendeten Betrag zu verdoppeln und dann an die Nothilfe f\u00fcr die Ukraine der Aktion &#8222;Deutschland Hilft&#8220; zu \u00fcberweisen. Mit den B\u00fcchern kam am Abend dann ein Spendenbetrag von 140 EUR zusammen, den Andi auf 300 EUR erh\u00f6ht hat. Die Gelder werden bei der Nothilfe f\u00fcr die Ukraine f\u00fcr Medikamente und medizinische Hilfsmittel verwendet.<\/p>\n","protected":false},"excerpt":{"rendered":"<p>Sicher eine ungew\u00f6hnliche Idee von Andi, DC3WX: Auf der Jahreshauptversammlung der Schwarzen B\u00e4ren gab es einen B\u00fcchertisch mit Fachb\u00fcchern aus der Elektrotechnik &#8211; wer sich f\u00fcr eins der B\u00fccher interessierte &hellip; <\/p>\n<p class=\"link-more\"><a href=\"https:\/\/www.baerenfunk.de\/index.php\/2022\/03\/12\/h48-spendet-fuer-die-ukraine\/\" class=\"more-link\"><span class=\"screen-reader-text\">\u201eH48 spendet f\u00fcr die Ukraine\u201c<\/span> weiterlesen<\/a><\/p>\n","protected":false},"author":1,"featured_media":0,"comment_status":"closed","ping_status":"closed","sticky":false,"template":"","format":"standard","meta":{"footnotes":""},"categories":[4],"tags":[15],"_links":{"self":[{"href":"https:\/\/www.baerenfunk.de\/index.php\/wp-json\/wp\/v2\/posts\/1893"}],"collection":[{"href":"https:\/\/www.baerenfunk.de\/index.php\/wp-json\/wp\/v2\/posts"}],"about":[{"href":"https:\/\/www.baerenfunk.de\/index.php\/wp-json\/wp\/v2\/types\/post"}],"author":[{"embeddable":true,"href":"https:\/\/www.baerenfunk.de\/index.php\/wp-json\/wp\/v2\/users\/1"}],"replies":[{"embeddable":true,"href":"https:\/\/www.baerenfunk.de\/index.php\/wp-json\/wp\/v2\/comments?post=1893"}],"version-history":[{"count":2,"href":"https:\/\/www.baerenfunk.de\/index.php\/wp-json\/wp\/v2\/posts\/1893\/revisions"}],"predecessor-version":[{"id":1901,"href":"https:\/\/www.baerenfunk.de\/index.php\/wp-json\/wp\/v2\/posts\/1893\/revisions\/1901"}],"wp:attachment":[{"href":"https:\/\/www.baerenfunk.de\/index.php\/wp-json\/wp\/v2\/media?parent=1893"}],"wp:term":[{"taxonomy":"category","embeddable":true,"href":"https:\/\/www.baerenfunk.de\/index.php\/wp-json\/wp\/v2\/categories?post=1893"},{"taxonomy":"post_tag","embeddable":true,"href":"https:\/\/www.baerenfunk.de\/index.php\/wp-json\/wp\/v2\/tags?post=1893"}],"curies":[{"name":"wp","href":"https:\/\/api.w.org\/{rel}","templated":true}]}}