{"id":1852,"date":"2022-01-26T21:08:38","date_gmt":"2022-01-26T20:08:38","guid":{"rendered":"https:\/\/www.baerenfunk.de\/?p=1852"},"modified":"2022-02-28T18:54:06","modified_gmt":"2022-02-28T17:54:06","slug":"h48-a-lizenz-kurs-beginnt-im-februar","status":"publish","type":"post","link":"https:\/\/www.baerenfunk.de\/index.php\/2022\/01\/26\/h48-a-lizenz-kurs-beginnt-im-februar\/","title":{"rendered":"H48 A-Lizenz Kurs beginnt im Februar"},"content":{"rendered":"\n<p>Nach einigen Vor\u00fcbelegungen starten wir am am 19. Februar einen Amateurfunk-Kurs zur Erlangung der A-Lizenz. In Pr\u00e4senzform. Bei einem Pr\u00e4senzkurs gibt es auch ein pers\u00f6nliches soziales Miteinander. Gerade dieses ist wesentlich, wenn wir &#8222;Ham-Spirit&#8220; vermitteln wollen &#8211; eine gemeinsame von Toleranz gepr\u00e4gte Grundhaltung, die einen weltoffenen internationalen, v\u00f6lkerverbindenden Amateurfunk erst m\u00f6glich gemacht hat. Aus diesem Grunde haben wir uns allen Widrigkeiten zum Trotz zur Pr\u00e4senzform entschieden. Nat\u00fcrlich gelten f\u00fcr die Kursdurchf\u00fchrung und -teilnahme die jeweils g\u00fcltigen Corona-Regeln des Landes Niedersachsen. Mit den Lindener Bergterassen haben wir ein Gesamtpaket vereinbart, bei dem in der Teilnehmergeb\u00fchr die Tagungsgetr\u00e4nke und jeweils ein Mittagessen enthalten sind. Mit Andi, DC3WX haben wir einen einen erfahrenen Kursleiter an der Seite, der auch einige Jahre als Beisitzer in den Pr\u00fcfungen der Bundesnetzagentur auf dem Buckel hat.<\/p>\n\n\n\n<p>Hier ist der Link zur Anmeldung:<br><a href=\"https:\/\/www.baerenfunk.de\/index.php\/event\/amateurfunkkurs-a-lizenz\/\" target=\"_blank\" rel=\"noreferrer noopener\">https:\/\/www.baerenfunk.de\/index.php\/event\/amateurfunkkurs-a-lizenz\/<\/a><\/p>\n","protected":false},"excerpt":{"rendered":"<p>Nach einigen Vor\u00fcbelegungen starten wir am am 19. Februar einen Amateurfunk-Kurs zur Erlangung der A-Lizenz. In Pr\u00e4senzform. Bei einem Pr\u00e4senzkurs gibt es auch ein pers\u00f6nliches soziales Miteinander. Gerade dieses ist &hellip; <\/p>\n<p class=\"link-more\"><a href=\"https:\/\/www.baerenfunk.de\/index.php\/2022\/01\/26\/h48-a-lizenz-kurs-beginnt-im-februar\/\" class=\"more-link\"><span class=\"screen-reader-text\">\u201eH48 A-Lizenz Kurs beginnt im Februar\u201c<\/span> weiterlesen<\/a><\/p>\n","protected":false},"author":1,"featured_media":0,"comment_status":"closed","ping_status":"closed","sticky":false,"template":"","format":"standard","meta":{"footnotes":""},"categories":[4],"tags":[97,91,15],"_links":{"self":[{"href":"https:\/\/www.baerenfunk.de\/index.php\/wp-json\/wp\/v2\/posts\/1852"}],"collection":[{"href":"https:\/\/www.baerenfunk.de\/index.php\/wp-json\/wp\/v2\/posts"}],"about":[{"href":"https:\/\/www.baerenfunk.de\/index.php\/wp-json\/wp\/v2\/types\/post"}],"author":[{"embeddable":true,"href":"https:\/\/www.baerenfunk.de\/index.php\/wp-json\/wp\/v2\/users\/1"}],"replies":[{"embeddable":true,"href":"https:\/\/www.baerenfunk.de\/index.php\/wp-json\/wp\/v2\/comments?post=1852"}],"version-history":[{"count":4,"href":"https:\/\/www.baerenfunk.de\/index.php\/wp-json\/wp\/v2\/posts\/1852\/revisions"}],"predecessor-version":[{"id":1858,"href":"https:\/\/www.baerenfunk.de\/index.php\/wp-json\/wp\/v2\/posts\/1852\/revisions\/1858"}],"wp:attachment":[{"href":"https:\/\/www.baerenfunk.de\/index.php\/wp-json\/wp\/v2\/media?parent=1852"}],"wp:term":[{"taxonomy":"category","embeddable":true,"href":"https:\/\/www.baerenfunk.de\/index.php\/wp-json\/wp\/v2\/categories?post=1852"},{"taxonomy":"post_tag","embeddable":true,"href":"https:\/\/www.baerenfunk.de\/index.php\/wp-json\/wp\/v2\/tags?post=1852"}],"curies":[{"name":"wp","href":"https:\/\/api.w.org\/{rel}","templated":true}]}}