{"id":1831,"date":"2022-01-16T19:10:25","date_gmt":"2022-01-16T18:10:25","guid":{"rendered":"https:\/\/www.baerenfunk.de\/?p=1831"},"modified":"2022-01-17T12:53:35","modified_gmt":"2022-01-17T11:53:35","slug":"ov-abend-mit-vielen-ehrungen","status":"publish","type":"post","link":"https:\/\/www.baerenfunk.de\/index.php\/2022\/01\/16\/ov-abend-mit-vielen-ehrungen\/","title":{"rendered":"OV-Abend mit vielen Ehrungen"},"content":{"rendered":"\n<p>P\u00fcnktlich zum Jahreswechsel hat die DARC-Gesch\u00e4ftsstelle den OVV mit einem P\u00e4ckchen \u00fcberrascht. Das w\u00e4re fast an den Absender zur\u00fcckgegangen, weil der OVV ja nichts bestellt hatte. Manchmal ist der OVV wirklich komisch drauf&#8230;<br>Drin waren viele Ehrungen von OV-Mitgliedern, die eine langj\u00e4hrige Mitgliedschaft im DARC absolviert haben. Und so konnten auf unserem OV-Abend in lockerer Atmosph\u00e4re einige Ehrennadeln verteilt werden.<\/p>\n\n\n\n<figure class=\"wp-block-gallery columns-3 is-cropped wp-block-gallery-1 is-layout-flex wp-block-gallery-is-layout-flex\"><ul class=\"blocks-gallery-grid\"><li class=\"blocks-gallery-item\"><figure><img loading=\"lazy\" decoding=\"async\" width=\"1024\" height=\"768\" src=\"https:\/\/www.baerenfunk.de\/wp-content\/uploads\/2022\/01\/dj1wf-1024x768.jpg\" alt=\"\" data-id=\"1835\" data-link=\"https:\/\/www.baerenfunk.de\/dj1wf\/\" class=\"wp-image-1835\" srcset=\"https:\/\/www.baerenfunk.de\/wp-content\/uploads\/2022\/01\/dj1wf-1024x768.jpg 1024w, https:\/\/www.baerenfunk.de\/wp-content\/uploads\/2022\/01\/dj1wf-300x225.jpg 300w, https:\/\/www.baerenfunk.de\/wp-content\/uploads\/2022\/01\/dj1wf-768x576.jpg 768w, https:\/\/www.baerenfunk.de\/wp-content\/uploads\/2022\/01\/dj1wf.jpg 1672w\" sizes=\"(max-width: 767px) 89vw, (max-width: 1000px) 54vw, (max-width: 1071px) 543px, 580px\" \/><figcaption class=\"blocks-gallery-item__caption\">Wilfried, DJ1WF, 25 Jahre dabei<\/figcaption><\/figure><\/li><li class=\"blocks-gallery-item\"><figure><img loading=\"lazy\" decoding=\"async\" width=\"1024\" height=\"768\" src=\"https:\/\/www.baerenfunk.de\/wp-content\/uploads\/2022\/01\/dc3wx-1024x768.jpg\" alt=\"\" data-id=\"1834\" data-link=\"https:\/\/www.baerenfunk.de\/dc3wx\/\" class=\"wp-image-1834\" srcset=\"https:\/\/www.baerenfunk.de\/wp-content\/uploads\/2022\/01\/dc3wx-1024x768.jpg 1024w, https:\/\/www.baerenfunk.de\/wp-content\/uploads\/2022\/01\/dc3wx-300x225.jpg 300w, https:\/\/www.baerenfunk.de\/wp-content\/uploads\/2022\/01\/dc3wx-768x576.jpg 768w, https:\/\/www.baerenfunk.de\/wp-content\/uploads\/2022\/01\/dc3wx.jpg 1672w\" sizes=\"(max-width: 767px) 89vw, (max-width: 1000px) 54vw, (max-width: 1071px) 543px, 580px\" \/><figcaption class=\"blocks-gallery-item__caption\">Andreas, DC3WX, 25 Jahre dabei<\/figcaption><\/figure><\/li><li class=\"blocks-gallery-item\"><figure><img loading=\"lazy\" decoding=\"async\" width=\"1024\" height=\"768\" src=\"https:\/\/www.baerenfunk.de\/wp-content\/uploads\/2022\/01\/dl4ah-1024x768.jpg\" alt=\"\" data-id=\"1833\" data-link=\"https:\/\/www.baerenfunk.de\/dl4ah\/\" class=\"wp-image-1833\" srcset=\"https:\/\/www.baerenfunk.de\/wp-content\/uploads\/2022\/01\/dl4ah-1024x768.jpg 1024w, https:\/\/www.baerenfunk.de\/wp-content\/uploads\/2022\/01\/dl4ah-300x225.jpg 300w, https:\/\/www.baerenfunk.de\/wp-content\/uploads\/2022\/01\/dl4ah-768x576.jpg 768w, https:\/\/www.baerenfunk.de\/wp-content\/uploads\/2022\/01\/dl4ah.jpg 1672w\" sizes=\"(max-width: 767px) 89vw, (max-width: 1000px) 54vw, (max-width: 1071px) 543px, 580px\" \/><figcaption class=\"blocks-gallery-item__caption\">Wolfgang, DL4AH, 50 Jahre dabei<\/figcaption><\/figure><\/li><\/ul><\/figure>\n\n\n\n<p>Leider nicht anwesend waren Gernot, DC4ON, J\u00fcrgen, DL1OBX, Hans-Detlef, DL9OAA und Thomas, DL6OAC die ebenfalls f\u00fcr ihre lange Mitgliedschaft im DARC geehrt wurden. Vielleicht k\u00f6nnen wir Ihnen die Urkunden ja im Februar aush\u00e4ndigen &#8211; ansonsten werden sie per Post versendet.<br>Nach den Ehrungen wurde aus dem OV-Abend heraus noch unsere ZOOM-Gruppe mit einer Live-\u00dcbertragung \u00fcberrascht &#8211; auch in Zoom hatten sich einige OMs zum Online-OV-Abend versammelt.<\/p>\n","protected":false},"excerpt":{"rendered":"<p>P\u00fcnktlich zum Jahreswechsel hat die DARC-Gesch\u00e4ftsstelle den OVV mit einem P\u00e4ckchen \u00fcberrascht. Das w\u00e4re fast an den Absender zur\u00fcckgegangen, weil der OVV ja nichts bestellt hatte. Manchmal ist der OVV &hellip; <\/p>\n<p class=\"link-more\"><a href=\"https:\/\/www.baerenfunk.de\/index.php\/2022\/01\/16\/ov-abend-mit-vielen-ehrungen\/\" class=\"more-link\"><span class=\"screen-reader-text\">\u201eOV-Abend mit vielen Ehrungen\u201c<\/span> weiterlesen<\/a><\/p>\n","protected":false},"author":1,"featured_media":0,"comment_status":"closed","ping_status":"closed","sticky":false,"template":"","format":"standard","meta":{"footnotes":""},"categories":[4,75],"tags":[],"_links":{"self":[{"href":"https:\/\/www.baerenfunk.de\/index.php\/wp-json\/wp\/v2\/posts\/1831"}],"collection":[{"href":"https:\/\/www.baerenfunk.de\/index.php\/wp-json\/wp\/v2\/posts"}],"about":[{"href":"https:\/\/www.baerenfunk.de\/index.php\/wp-json\/wp\/v2\/types\/post"}],"author":[{"embeddable":true,"href":"https:\/\/www.baerenfunk.de\/index.php\/wp-json\/wp\/v2\/users\/1"}],"replies":[{"embeddable":true,"href":"https:\/\/www.baerenfunk.de\/index.php\/wp-json\/wp\/v2\/comments?post=1831"}],"version-history":[{"count":4,"href":"https:\/\/www.baerenfunk.de\/index.php\/wp-json\/wp\/v2\/posts\/1831\/revisions"}],"predecessor-version":[{"id":1838,"href":"https:\/\/www.baerenfunk.de\/index.php\/wp-json\/wp\/v2\/posts\/1831\/revisions\/1838"}],"wp:attachment":[{"href":"https:\/\/www.baerenfunk.de\/index.php\/wp-json\/wp\/v2\/media?parent=1831"}],"wp:term":[{"taxonomy":"category","embeddable":true,"href":"https:\/\/www.baerenfunk.de\/index.php\/wp-json\/wp\/v2\/categories?post=1831"},{"taxonomy":"post_tag","embeddable":true,"href":"https:\/\/www.baerenfunk.de\/index.php\/wp-json\/wp\/v2\/tags?post=1831"}],"curies":[{"name":"wp","href":"https:\/\/api.w.org\/{rel}","templated":true}]}}