{"id":1824,"date":"2021-12-31T15:13:23","date_gmt":"2021-12-31T14:13:23","guid":{"rendered":"https:\/\/www.baerenfunk.de\/?p=1824"},"modified":"2021-12-31T20:40:53","modified_gmt":"2021-12-31T19:40:53","slug":"jahresrueckblick-2021","status":"publish","type":"post","link":"https:\/\/www.baerenfunk.de\/index.php\/2021\/12\/31\/jahresrueckblick-2021\/","title":{"rendered":"Jahresr\u00fcckblick 2021"},"content":{"rendered":"\n<p> Das Jahr begann mit OV-Abenden auf Zoom oder treff.darc.de. Noch heute treffen sich regelm\u00e4\u00dfig einige OMs des Ortsverbandes auf einer der Online-Plattformen. Auch Online gab es den von Sebastian, DO4DHH initiierten Austausch \u00fcber LORA-APRS. Ach ja, im Februar wurde mit dem noch immer nicht beendeten Umbau des D-Star Relais bei DB0TVH begonnen\u2026<br> Februar, M\u00e4rz und April verliefen &#8222;ohne weitere besondere Vorkommnisse&#8220; &#8211; zu erw\u00e4hnen ist allerdings der Baumschnitt am Container der von Stefan, DO7OZ, Wilfried, DJ1Wf und Achim, DL9OAC gemeinsam organisiert wurde.<br><\/p>\n\n\n\n<p> Im Mai wurden wir von der traurigen Nachricht vom Tode Rolfs, DF2OX, \u00fcberrascht. Rolf war ein langj\u00e4hriger Freund und F\u00f6rderer des Ortsverbandes und des Relais DB0TVH. Er war der Standortinhaber und gleichzeitig &#8222;K\u00fcmmerer&#8220; sowohl in technischer als auch in finanzieller Hinsicht. Wir vermissen Rolf und sein Engagement f\u00fcr den Amateurfunk in unserer Region auch jetzt noch sehr. <br><\/p>\n\n\n\n<p>Erfreulich im Juni war, das wir uns nach langer Zeit wieder pers\u00f6nlich zum OV-Abend in der Gastst\u00e4tte des SV Linden 07 zusammentreffen konnten. Und nachdem einige vorher schon einmal &#8222;unseren&#8220; Fieldday-Platz in der N\u00e4he von Hameln angefahren hatten war auch klar: Wir machen wieder Septembertreffen auf dem Gruppencampingplatz in Hameln. Bilder vom Fieldday gibt es hier: <a rel=\"noreferrer noopener\" aria-label=\"https:\/\/www.baerenfunk.de\/index.php\/h48-fieldday-im-weserbergland-2021\/  (\u00f6ffnet in neuem Tab)\" href=\"https:\/\/www.baerenfunk.de\/index.php\/h48-fieldday-im-weserbergland-2021\/\" target=\"_blank\">https:\/\/www.baerenfunk.de\/index.php\/h48-fieldday-im-weserbergland-2021\/ <\/a><br><\/p>\n\n\n\n<p>Der Fieldday war super gut besucht und hat viel Spass gemacht &#8211; auch wenn wir nicht viele QSOs anl\u00e4sslich des IARU-Region-1 Fielddays gemacht haben. Es gabe gem\u00fctliche Runden ums Lagerfeuer und viel Gedankenaustausch.<br> Der Herbst des Jahres verlief rein \u00e4u\u00dferlich ruhig &#8211; keine besonderen Aktivit\u00e4ten au\u00dfer den regelm\u00e4\u00dfigen OV-Abenden &#8211; im Hintergrund wurde allerdings der Fortbestand des und Relais DB0TVH gesichert. Es gab einiges zu tun, um den Standort des Relais auf dem Bredero-Hochhaus (auch vertraglich) zu sichern. <br><\/p>\n\n\n\n<p>Als Ergebnis der Bem\u00fchungen entstand die Relais-Betreibergemeinschaft DB0TVH GbR. Dies ist eine von Tom, DL9OBD, Wilfried, DJ1WF, Eugen, DL5UHR und Roland, DF1OE gegr\u00fcndete Gesellschaft b\u00fcrgerlichen Rechts. Diese hat den Betrieb des Relais DB0TVH zum wesentlichen Ziel und ist ausdr\u00fccklich nicht gewerblich t\u00e4tig. Die GbR hat die vertraglichen Verpflichtungen von Rolf \u00fcbernommen und k\u00fcmmert sich jetzt f\u00fcr den Betrieb des Relais eein. Es gibt ein neues Spendenkonto die Betriebskosten und den technischen Ausbau des Relais:<\/p>\n\n\n\n<p>Relais-Betreibergemeinschaft DB0TVH GbR<br>\nIBAN DE40 2505 0180 0910 5211 15<br>\nBIC SPKHDE2HXXX<\/p>\n\n\n\n<p>Wir freuen uns \u00fcber jede noch so kleine Spende, die den Betrieb des Relais weiter erm\u00f6glicht. <br>\nUnd jetzt schauen wir mal gespannt auf das neue Jahr 2022 und hoffen, das es f\u00fcr alle angeschlossenen Funkh\u00e4user ein gl\u00fcckliches, freundliches und gesundes Jahr wird.<br>\nvy 73 und viel Gl\u00fcck f\u00fcr 2022!<\/p>\n\n\n\n<p>Roland , DF1OE, OVV, Eugen, DL5UHR stv. OVV, <br>\ndie Relais-Betreibergemeinschaft DB0TVH und die Crew von H48<\/p>\n","protected":false},"excerpt":{"rendered":"<p>Das Jahr begann mit OV-Abenden auf Zoom oder treff.darc.de. Noch heute treffen sich regelm\u00e4\u00dfig einige OMs des Ortsverbandes auf einer der Online-Plattformen. Auch Online gab es den von Sebastian, DO4DHH &hellip; <\/p>\n<p class=\"link-more\"><a href=\"https:\/\/www.baerenfunk.de\/index.php\/2021\/12\/31\/jahresrueckblick-2021\/\" class=\"more-link\"><span class=\"screen-reader-text\">\u201eJahresr\u00fcckblick 2021\u201c<\/span> weiterlesen<\/a><\/p>\n","protected":false},"author":1,"featured_media":0,"comment_status":"closed","ping_status":"closed","sticky":false,"template":"","format":"standard","meta":{"footnotes":""},"categories":[4],"tags":[],"_links":{"self":[{"href":"https:\/\/www.baerenfunk.de\/index.php\/wp-json\/wp\/v2\/posts\/1824"}],"collection":[{"href":"https:\/\/www.baerenfunk.de\/index.php\/wp-json\/wp\/v2\/posts"}],"about":[{"href":"https:\/\/www.baerenfunk.de\/index.php\/wp-json\/wp\/v2\/types\/post"}],"author":[{"embeddable":true,"href":"https:\/\/www.baerenfunk.de\/index.php\/wp-json\/wp\/v2\/users\/1"}],"replies":[{"embeddable":true,"href":"https:\/\/www.baerenfunk.de\/index.php\/wp-json\/wp\/v2\/comments?post=1824"}],"version-history":[{"count":2,"href":"https:\/\/www.baerenfunk.de\/index.php\/wp-json\/wp\/v2\/posts\/1824\/revisions"}],"predecessor-version":[{"id":1826,"href":"https:\/\/www.baerenfunk.de\/index.php\/wp-json\/wp\/v2\/posts\/1824\/revisions\/1826"}],"wp:attachment":[{"href":"https:\/\/www.baerenfunk.de\/index.php\/wp-json\/wp\/v2\/media?parent=1824"}],"wp:term":[{"taxonomy":"category","embeddable":true,"href":"https:\/\/www.baerenfunk.de\/index.php\/wp-json\/wp\/v2\/categories?post=1824"},{"taxonomy":"post_tag","embeddable":true,"href":"https:\/\/www.baerenfunk.de\/index.php\/wp-json\/wp\/v2\/tags?post=1824"}],"curies":[{"name":"wp","href":"https:\/\/api.w.org\/{rel}","templated":true}]}}