{"id":1771,"date":"2021-06-09T14:45:53","date_gmt":"2021-06-09T13:45:53","guid":{"rendered":"https:\/\/www.baerenfunk.de\/?p=1771"},"modified":"2021-07-11T14:53:07","modified_gmt":"2021-07-11T13:53:07","slug":"wir-trauern-um-rolf-df2ox","status":"publish","type":"post","link":"https:\/\/www.baerenfunk.de\/index.php\/2021\/06\/09\/wir-trauern-um-rolf-df2ox\/","title":{"rendered":"Wir trauern um Rolf, DF2OX"},"content":{"rendered":"\n<p>DF2OX, Rolf Rehbock, langj\u00e4hriges Mitglied des Ortsverbandes H48 und der Betreiber des Standortes von DB0TVH, hat leider am 29.05.2021 nach langer Krankheit das Mikrofon f\u00fcr immer aus der Hand gelegt. Rolf war ein Charaktermensch mit Ecken und Kanten, eigener Meinung und vor allem mit viel innerer Kraft. Diese Kraft half ihm auch, trotz seiner Krankheit aktiv am Leben und an den Veranstaltungen des Ortsvereines H48 teilzunehmen. <br>Rolf war in den 80er-Jahren Mitglied des Vorstandes des Ortsverbandes Hannover Schwarzer B\u00e4r und setzte sich immer mit viel pers\u00f6nlichem und auch finanziellem Engagement f\u00fcr den Amateurfunk in und um Hannover ein. Ohne sein Engagement w\u00fcrde es das Multimode-Relais DB0TVH auf dem Bredero-Hochhaus in der Mitte Hannovers nicht geben. Viele Jahre wurden von ihm die Betriebskosten des Relais ohne Aufhebens \u00fcbernommen. Auch die Aktivit\u00e4ten des Ortsverbandes rund um den Funk-Container DL0TY auf dem Lindener Berg wurden von ihm aktiv unterst\u00fctzt. In den letzten f\u00fcr ihn gesundheitllich schwierigen Jahren hat Rolf dennoch mit seinem Wohnmobil an den Fielddays des Ortsverbandes teilgenommen.  <br> Wir verlieren mit Rolf einen Menschen, der abseits des Vereinskl\u00fcngels als Freund und F\u00f6rderer jeden gerne unterst\u00fctzt hat, der unser gemeinsames Hobby voran bringen wollte. Wir werden Rolf und sein Engagement f\u00fcr den Amateurfunk in unserer Region sehr vermissen.<br> In Trauer &#8211; Die OMs des Ortsverbandes H48<\/p>\n","protected":false},"excerpt":{"rendered":"<p>DF2OX, Rolf Rehbock, langj\u00e4hriges Mitglied des Ortsverbandes H48 und der Betreiber des Standortes von DB0TVH, hat leider am 29.05.2021 nach langer Krankheit das Mikrofon f\u00fcr immer aus der Hand gelegt. &hellip; <\/p>\n<p class=\"link-more\"><a href=\"https:\/\/www.baerenfunk.de\/index.php\/2021\/06\/09\/wir-trauern-um-rolf-df2ox\/\" class=\"more-link\"><span class=\"screen-reader-text\">\u201eWir trauern um Rolf, DF2OX\u201c<\/span> weiterlesen<\/a><\/p>\n","protected":false},"author":1,"featured_media":0,"comment_status":"closed","ping_status":"closed","sticky":false,"template":"","format":"standard","meta":{"footnotes":""},"categories":[4],"tags":[61],"_links":{"self":[{"href":"https:\/\/www.baerenfunk.de\/index.php\/wp-json\/wp\/v2\/posts\/1771"}],"collection":[{"href":"https:\/\/www.baerenfunk.de\/index.php\/wp-json\/wp\/v2\/posts"}],"about":[{"href":"https:\/\/www.baerenfunk.de\/index.php\/wp-json\/wp\/v2\/types\/post"}],"author":[{"embeddable":true,"href":"https:\/\/www.baerenfunk.de\/index.php\/wp-json\/wp\/v2\/users\/1"}],"replies":[{"embeddable":true,"href":"https:\/\/www.baerenfunk.de\/index.php\/wp-json\/wp\/v2\/comments?post=1771"}],"version-history":[{"count":2,"href":"https:\/\/www.baerenfunk.de\/index.php\/wp-json\/wp\/v2\/posts\/1771\/revisions"}],"predecessor-version":[{"id":1773,"href":"https:\/\/www.baerenfunk.de\/index.php\/wp-json\/wp\/v2\/posts\/1771\/revisions\/1773"}],"wp:attachment":[{"href":"https:\/\/www.baerenfunk.de\/index.php\/wp-json\/wp\/v2\/media?parent=1771"}],"wp:term":[{"taxonomy":"category","embeddable":true,"href":"https:\/\/www.baerenfunk.de\/index.php\/wp-json\/wp\/v2\/categories?post=1771"},{"taxonomy":"post_tag","embeddable":true,"href":"https:\/\/www.baerenfunk.de\/index.php\/wp-json\/wp\/v2\/tags?post=1771"}],"curies":[{"name":"wp","href":"https:\/\/api.w.org\/{rel}","templated":true}]}}