{"id":1568,"date":"2020-09-05T10:35:24","date_gmt":"2020-09-05T09:35:24","guid":{"rendered":"https:\/\/www.baerenfunk.de\/?p=1568"},"modified":"2020-09-05T10:39:21","modified_gmt":"2020-09-05T09:39:21","slug":"ssb-fieldday-startet-mit-schoenem-wetter","status":"publish","type":"post","link":"https:\/\/www.baerenfunk.de\/index.php\/2020\/09\/05\/ssb-fieldday-startet-mit-schoenem-wetter\/","title":{"rendered":"SSB-Fieldday startet mit sch\u00f6nem Wetter"},"content":{"rendered":"\n<figure class=\"wp-block-image\"><img loading=\"lazy\" decoding=\"async\" width=\"1024\" height=\"768\" src=\"https:\/\/www.baerenfunk.de\/wp-content\/uploads\/2020\/09\/p9040138-1-1024x768.jpg\" alt=\"\" class=\"wp-image-1570\" srcset=\"https:\/\/www.baerenfunk.de\/wp-content\/uploads\/2020\/09\/p9040138-1-1024x768.jpg 1024w, https:\/\/www.baerenfunk.de\/wp-content\/uploads\/2020\/09\/p9040138-1-300x225.jpg 300w, https:\/\/www.baerenfunk.de\/wp-content\/uploads\/2020\/09\/p9040138-1-768x576.jpg 768w, https:\/\/www.baerenfunk.de\/wp-content\/uploads\/2020\/09\/p9040138-1.jpg 1632w\" sizes=\"(max-width: 767px) 89vw, (max-width: 1000px) 54vw, (max-width: 1071px) 543px, 580px\" \/><\/figure>\n\n\n\n<p>Die ersten Vorbereitungen sind getroffen. Bei gutem Wetter bautenam Freitag die ersten Fieldday-Begeisterten unseres Ortsverbandes im Weserbergland ihre Stationen und Antennen auf. Wir werden am IARU 145 MHz Wettbewerb und am IARU-SSB Fieldday teilnehmen &#8211; allerdings ohne Meldung in der Kategorie &#8222;fixed&#8220;, da wir mit Landstrom verbunden sind. Es geht also nur ums Verteilen von Punkten. Auch ist der Antenneneinsatz \u00fcberschaubar. Wie immer soll ja genug Zeit f\u00fcrs Grillen und f\u00fcr den Spass beiben.<br> Schon am Freitag waren einige seltene Rufzeichen zu h\u00f6ren &#8211; Kontest-Stationen, in der Phase der Vorbereitung. Wir freuen uns auf viele Kontekte auf 145 MHz und Kurzwelle. Los geht es am Samstag um 13:00 Uhr UTC &#8211; 15:00 Uhr K\u00fcchenzeit.<\/p>\n\n\n\n<ul class=\"wp-block-gallery columns-2 is-cropped wp-block-gallery-1 is-layout-flex wp-block-gallery-is-layout-flex\"><li class=\"blocks-gallery-item\"><figure><img loading=\"lazy\" decoding=\"async\" width=\"1024\" height=\"768\" src=\"https:\/\/www.baerenfunk.de\/wp-content\/uploads\/2020\/09\/p9040143-2-1024x768.jpg\" alt=\"\" data-id=\"1571\" data-link=\"https:\/\/www.baerenfunk.de\/?attachment_id=1571\" class=\"wp-image-1571\" srcset=\"https:\/\/www.baerenfunk.de\/wp-content\/uploads\/2020\/09\/p9040143-2-1024x768.jpg 1024w, https:\/\/www.baerenfunk.de\/wp-content\/uploads\/2020\/09\/p9040143-2-300x225.jpg 300w, https:\/\/www.baerenfunk.de\/wp-content\/uploads\/2020\/09\/p9040143-2-768x576.jpg 768w, https:\/\/www.baerenfunk.de\/wp-content\/uploads\/2020\/09\/p9040143-2.jpg 1632w\" sizes=\"(max-width: 767px) 89vw, (max-width: 1000px) 54vw, (max-width: 1071px) 543px, 580px\" \/><figcaption>Das kleine Lager<\/figcaption><\/figure><\/li><li class=\"blocks-gallery-item\"><figure><img loading=\"lazy\" decoding=\"async\" width=\"1024\" height=\"768\" src=\"https:\/\/www.baerenfunk.de\/wp-content\/uploads\/2020\/09\/p9040147-1-1024x768.jpg\" alt=\"\" data-id=\"1572\" data-link=\"https:\/\/www.baerenfunk.de\/?attachment_id=1572\" class=\"wp-image-1572\" srcset=\"https:\/\/www.baerenfunk.de\/wp-content\/uploads\/2020\/09\/p9040147-1-1024x768.jpg 1024w, https:\/\/www.baerenfunk.de\/wp-content\/uploads\/2020\/09\/p9040147-1-300x225.jpg 300w, https:\/\/www.baerenfunk.de\/wp-content\/uploads\/2020\/09\/p9040147-1-768x576.jpg 768w, https:\/\/www.baerenfunk.de\/wp-content\/uploads\/2020\/09\/p9040147-1.jpg 1632w\" sizes=\"(max-width: 767px) 89vw, (max-width: 1000px) 54vw, (max-width: 1071px) 543px, 580px\" \/><figcaption>DJ1WF reiste sp\u00e4t an&#8230;<\/figcaption><\/figure><\/li><\/ul>\n","protected":false},"excerpt":{"rendered":"<p>IARU Fieldday Crew H48 startet bei sch\u00f6nem Wetter den Aufbau der Stationen<\/p>\n","protected":false},"author":1,"featured_media":0,"comment_status":"closed","ping_status":"closed","sticky":false,"template":"","format":"standard","meta":{"footnotes":""},"categories":[3,4],"tags":[53,48],"_links":{"self":[{"href":"https:\/\/www.baerenfunk.de\/index.php\/wp-json\/wp\/v2\/posts\/1568"}],"collection":[{"href":"https:\/\/www.baerenfunk.de\/index.php\/wp-json\/wp\/v2\/posts"}],"about":[{"href":"https:\/\/www.baerenfunk.de\/index.php\/wp-json\/wp\/v2\/types\/post"}],"author":[{"embeddable":true,"href":"https:\/\/www.baerenfunk.de\/index.php\/wp-json\/wp\/v2\/users\/1"}],"replies":[{"embeddable":true,"href":"https:\/\/www.baerenfunk.de\/index.php\/wp-json\/wp\/v2\/comments?post=1568"}],"version-history":[{"count":5,"href":"https:\/\/www.baerenfunk.de\/index.php\/wp-json\/wp\/v2\/posts\/1568\/revisions"}],"predecessor-version":[{"id":1576,"href":"https:\/\/www.baerenfunk.de\/index.php\/wp-json\/wp\/v2\/posts\/1568\/revisions\/1576"}],"wp:attachment":[{"href":"https:\/\/www.baerenfunk.de\/index.php\/wp-json\/wp\/v2\/media?parent=1568"}],"wp:term":[{"taxonomy":"category","embeddable":true,"href":"https:\/\/www.baerenfunk.de\/index.php\/wp-json\/wp\/v2\/categories?post=1568"},{"taxonomy":"post_tag","embeddable":true,"href":"https:\/\/www.baerenfunk.de\/index.php\/wp-json\/wp\/v2\/tags?post=1568"}],"curies":[{"name":"wp","href":"https:\/\/api.w.org\/{rel}","templated":true}]}}