{"id":1557,"date":"2020-09-03T21:15:03","date_gmt":"2020-09-03T20:15:03","guid":{"rendered":"https:\/\/www.baerenfunk.de\/?p=1557"},"modified":"2020-09-03T21:18:05","modified_gmt":"2020-09-03T20:18:05","slug":"erster-bundesweiter-warntag","status":"publish","type":"post","link":"https:\/\/www.baerenfunk.de\/index.php\/2020\/09\/03\/erster-bundesweiter-warntag\/","title":{"rendered":"Erster Bundesweiter Warntag"},"content":{"rendered":"\n<p> Erster bundesweiter Warntag am 10. September<br><br> Am kommenden Donnerstag findet erstmals ein gemeinsamer Warntag des Bundes und der L\u00e4nder statt. Um 11 Uhr MESZ wird es Probeaussendungen \u00fcber alle verf\u00fcgbaren Warnkan\u00e4le geben. Dazu z\u00e4hlen Sirenen, Lautsprecheranlagen, spezielle Anzeigetafeln, Rundfunk und Fernsehen, Warn-Apps wie NINA, Internetseiten und Social-Media-Accounts von Beh\u00f6rden. Auch im Amateurfunkbereich sind Systeme an diese Schnittstelle angeschlossen (z.B. entsprechende Rubriken im Funkrufnetz DAPNET). Es ist somit auch hier mit entsprechenden Aussendungen zu rechnen. Auch der Distrikt H hat eine eigene Notfunkrubrik f\u00fcr Mitteilungen unter der Nummer 42 (Skyper) bzw. 1042 (andere Pager). Diese wird allerdings rein manuell bedient.<\/p>\n\n\n\n<p>In Hannover wird die Amateurfunksparte des ASB Hannover Stadt ab 11:00 Uhr MESZ die Amateurfunkstation DA0ASB  besetzen und QRV sein.<br><br> Weitere Information gibt es im Internet unter&nbsp;<a rel=\"noreferrer noopener\" href=\"https:\/\/warnung-der-bevoelkerung.de\/\" target=\"_blank\">https:\/\/warnung-der-bevoelkerung.de\/<\/a><\/p>\n","protected":false},"excerpt":{"rendered":"<p>Am kommenden Donnerstag findet erstmals ein gemeinsamer Warntag des Bundes und der L\u00e4nder statt. In Hannover wird die Amateurfunksparte des ASB Hannover Stadt ab 11:00 Uhr MESZ die Amateurfunkstation DA0ASB  besetzen und QRV sein <\/p>\n","protected":false},"author":1,"featured_media":0,"comment_status":"closed","ping_status":"closed","sticky":false,"template":"","format":"standard","meta":{"footnotes":""},"categories":[5],"tags":[7,67,17,18,94],"_links":{"self":[{"href":"https:\/\/www.baerenfunk.de\/index.php\/wp-json\/wp\/v2\/posts\/1557"}],"collection":[{"href":"https:\/\/www.baerenfunk.de\/index.php\/wp-json\/wp\/v2\/posts"}],"about":[{"href":"https:\/\/www.baerenfunk.de\/index.php\/wp-json\/wp\/v2\/types\/post"}],"author":[{"embeddable":true,"href":"https:\/\/www.baerenfunk.de\/index.php\/wp-json\/wp\/v2\/users\/1"}],"replies":[{"embeddable":true,"href":"https:\/\/www.baerenfunk.de\/index.php\/wp-json\/wp\/v2\/comments?post=1557"}],"version-history":[{"count":2,"href":"https:\/\/www.baerenfunk.de\/index.php\/wp-json\/wp\/v2\/posts\/1557\/revisions"}],"predecessor-version":[{"id":1559,"href":"https:\/\/www.baerenfunk.de\/index.php\/wp-json\/wp\/v2\/posts\/1557\/revisions\/1559"}],"wp:attachment":[{"href":"https:\/\/www.baerenfunk.de\/index.php\/wp-json\/wp\/v2\/media?parent=1557"}],"wp:term":[{"taxonomy":"category","embeddable":true,"href":"https:\/\/www.baerenfunk.de\/index.php\/wp-json\/wp\/v2\/categories?post=1557"},{"taxonomy":"post_tag","embeddable":true,"href":"https:\/\/www.baerenfunk.de\/index.php\/wp-json\/wp\/v2\/tags?post=1557"}],"curies":[{"name":"wp","href":"https:\/\/api.w.org\/{rel}","templated":true}]}}