{"id":1542,"date":"2020-08-28T12:23:56","date_gmt":"2020-08-28T11:23:56","guid":{"rendered":"https:\/\/www.baerenfunk.de\/?p=1542"},"modified":"2020-09-03T21:21:18","modified_gmt":"2020-09-03T20:21:18","slug":"fieldday-im-weserbergland","status":"publish","type":"post","link":"https:\/\/www.baerenfunk.de\/index.php\/2020\/08\/28\/fieldday-im-weserbergland\/","title":{"rendered":"Fieldday im Weserbergland"},"content":{"rendered":"\n<figure class=\"wp-block-image\"><img loading=\"lazy\" decoding=\"async\" width=\"1024\" height=\"576\" src=\"https:\/\/www.baerenfunk.de\/wp-content\/uploads\/2020\/06\/P6120086-1024x576.jpg\" alt=\"\" class=\"wp-image-1505\" srcset=\"https:\/\/www.baerenfunk.de\/wp-content\/uploads\/2020\/06\/P6120086-1024x576.jpg 1024w, https:\/\/www.baerenfunk.de\/wp-content\/uploads\/2020\/06\/P6120086-300x169.jpg 300w, https:\/\/www.baerenfunk.de\/wp-content\/uploads\/2020\/06\/P6120086-768x432.jpg 768w\" sizes=\"(max-width: 767px) 89vw, (max-width: 1000px) 54vw, (max-width: 1071px) 543px, 580px\" \/><figcaption>Fieldday Juni 2020<\/figcaption><\/figure>\n\n\n\n<p>Am Samstag, den 05.09.2020 und Sonntag ist 06.09.2020 ist auf den Amateurfunkb\u00e4ndern sauviel los. Unter anderem finden der IARU Region 1 Kurzwellen SSB-Fieldday, der JARL All Asian DX Contest und der IARU Region 1  September-Contest auf 145 MHz statt. <br> Gleichzeitig ist das erste September-Wochenende der Termin f\u00fcr unser fast schon traditionellen Herbst-Fieldday. Dem entsprechend habe ich mit Fatima vom Gruppencampingplatz Weserbergland telefoniert und mal angefragt, wie so die Lage ist.<br> Also: wir k\u00f6nnen gerne vom Freitag 04.09.2020 bis zum Sonntag 06.09.2020 kommen!  <br> Wir k\u00f6nnen etwas unterhalb unseres letzten Platzes stehen (da, wo wir fr\u00fcher standen). Wer also Lust auf ein gemeinsames Wochenende chillen, grillen und funken hat:   <br> Anmeldung bitte an die email-Adresse  <br> <a href=\"info@campingamwaldbad.de\">info@campingamwaldbad.de<\/a> <br> senden. Bitte erw\u00e4hnt, dass ihr zu den Funkern geh\u00f6rt, dann wei\u00df der Campingplatz Bescheid. Die Anmeldungen werden direkt best\u00e4tigt.<br> Infos zum Campingplatz befinden sich hier: <br> <a rel=\"noreferrer noopener\" aria-label=\"https:\/\/www.gruppencamping-weserbergland.de\/  (\u00f6ffnet in neuem Tab)\" href=\"https:\/\/www.gruppencamping-weserbergland.de\/\" target=\"_blank\">https:\/\/www.gruppencamping-weserbergland.de\/ <\/a><br> Es gilt wie immer: jeder Teilnehmer versorgt sich selbst und reist auf eigenes Risiko an.<br> Spontan einkaufen fahren k\u00f6nnen wir immer noch. Jeder bezahlt auch f\u00fcr den Stellplatz selbst. Nat\u00fcrlich werden wir im eigenen Interesse darauf achten, dass die gerade aktuellen Corona-Regelungen befolgt werden. <\/p>\n\n\n\n<p><\/p>\n","protected":false},"excerpt":{"rendered":"<p>Fieldday geht immer. Nat\u00fcrlich werden wir im eigenen Interesse darauf achten, dass die gerade aktuellen Corona-Regelungen befolgt werden. <\/p>\n","protected":false},"author":1,"featured_media":0,"comment_status":"closed","ping_status":"closed","sticky":false,"template":"","format":"standard","meta":{"footnotes":""},"categories":[3,4],"tags":[53,56,48],"_links":{"self":[{"href":"https:\/\/www.baerenfunk.de\/index.php\/wp-json\/wp\/v2\/posts\/1542"}],"collection":[{"href":"https:\/\/www.baerenfunk.de\/index.php\/wp-json\/wp\/v2\/posts"}],"about":[{"href":"https:\/\/www.baerenfunk.de\/index.php\/wp-json\/wp\/v2\/types\/post"}],"author":[{"embeddable":true,"href":"https:\/\/www.baerenfunk.de\/index.php\/wp-json\/wp\/v2\/users\/1"}],"replies":[{"embeddable":true,"href":"https:\/\/www.baerenfunk.de\/index.php\/wp-json\/wp\/v2\/comments?post=1542"}],"version-history":[{"count":7,"href":"https:\/\/www.baerenfunk.de\/index.php\/wp-json\/wp\/v2\/posts\/1542\/revisions"}],"predecessor-version":[{"id":1560,"href":"https:\/\/www.baerenfunk.de\/index.php\/wp-json\/wp\/v2\/posts\/1542\/revisions\/1560"}],"wp:attachment":[{"href":"https:\/\/www.baerenfunk.de\/index.php\/wp-json\/wp\/v2\/media?parent=1542"}],"wp:term":[{"taxonomy":"category","embeddable":true,"href":"https:\/\/www.baerenfunk.de\/index.php\/wp-json\/wp\/v2\/categories?post=1542"},{"taxonomy":"post_tag","embeddable":true,"href":"https:\/\/www.baerenfunk.de\/index.php\/wp-json\/wp\/v2\/tags?post=1542"}],"curies":[{"name":"wp","href":"https:\/\/api.w.org\/{rel}","templated":true}]}}