{"id":1522,"date":"2020-08-01T08:58:08","date_gmt":"2020-08-01T07:58:08","guid":{"rendered":"https:\/\/www.baerenfunk.de\/?p=1522"},"modified":"2020-08-13T10:05:27","modified_gmt":"2020-08-13T09:05:27","slug":"joerg-werner-do1jaw-silent-key","status":"publish","type":"post","link":"https:\/\/www.baerenfunk.de\/index.php\/2020\/08\/01\/joerg-werner-do1jaw-silent-key\/","title":{"rendered":"J\u00f6rg Werner, DO1JAW silent key"},"content":{"rendered":"\n<figure class=\"wp-block-image\"><img loading=\"lazy\" decoding=\"async\" width=\"578\" height=\"1024\" src=\"https:\/\/www.baerenfunk.de\/wp-content\/uploads\/2020\/08\/img_20190104_143845-578x1024.jpg\" alt=\"\" class=\"wp-image-1523\" srcset=\"https:\/\/www.baerenfunk.de\/wp-content\/uploads\/2020\/08\/img_20190104_143845-578x1024.jpg 578w, https:\/\/www.baerenfunk.de\/wp-content\/uploads\/2020\/08\/img_20190104_143845-169x300.jpg 169w, https:\/\/www.baerenfunk.de\/wp-content\/uploads\/2020\/08\/img_20190104_143845-768x1360.jpg 768w\" sizes=\"(max-width: 578px) 100vw, 578px\" \/><figcaption>J\u00f6rg in guten Tagen vor dem Funkanh\u00e4nger&#8230;<\/figcaption><\/figure>\n\n\n\n<p>J\u00f6rg Werner, DO1JAW ist am Mittwoch seiner heimt\u00fcckischen\nKrankheit erlegen. Er hatte uns noch auf unserem Fieldday im Weserbergland\nbesucht. Diejenigen, die J\u00f6rg kannten, sch\u00e4tzten ihn als ruhigen, tatkr\u00e4ftigen\nund bedachten Menschen. Auf J\u00f6rgs Engagement beruht die Kooperation des\nOrtsverbandes H48 mit dem ASB Stadtverband Hannover und der Aufbau der\nFunkleitstelle DA0ASB in der Petersstrasse. Ihm haben wir den Funkanh\u00e4nger f\u00fcr\ndie WRTC-Ausstattung zu verdanken. Dar\u00fcber hinaus war er auch wichtiger Kontakt\nzur Region Hannover. <\/p>\n\n\n\n<p>In den R\u00e4umlichkeiten des ASB in der Petersstrasse befindet\nsich in der 1. Etage des Altbaus ein Ort um von J\u00f6rg Abschied zu nehmen. Dort\nist ein Kondolenzbuch ausgelegt, wo jeder seine W\u00fcnsche und Gedanken an J\u00f6rg\nhinterlassen kann. Um seine Familie zu unterst\u00fctzen, gibt es dort auch eine\nM\u00f6glichkeit zur Spende.<\/p>\n\n\n\n<p>Wir werden J\u00f6rg in unseren Gedanken und bei unseren\nAktivit\u00e4ten immer mit bei uns haben. <\/p>\n","protected":false},"excerpt":{"rendered":"<p>J\u00f6rg Werner, DO1JAW ist am Mittwoch seiner heimt\u00fcckischen Krankheit erlegen. Er hatte uns noch auf unserem Fieldday im Weserbergland besucht. Diejenigen, die J\u00f6rg kannten, sch\u00e4tzten ihn als ruhigen, tatkr\u00e4ftigen und &hellip; <\/p>\n<p class=\"link-more\"><a href=\"https:\/\/www.baerenfunk.de\/index.php\/2020\/08\/01\/joerg-werner-do1jaw-silent-key\/\" class=\"more-link\"><span class=\"screen-reader-text\">\u201eJ\u00f6rg Werner, DO1JAW silent key\u201c<\/span> weiterlesen<\/a><\/p>\n","protected":false},"author":1,"featured_media":0,"comment_status":"closed","ping_status":"closed","sticky":false,"template":"","format":"standard","meta":{"footnotes":""},"categories":[4],"tags":[],"_links":{"self":[{"href":"https:\/\/www.baerenfunk.de\/index.php\/wp-json\/wp\/v2\/posts\/1522"}],"collection":[{"href":"https:\/\/www.baerenfunk.de\/index.php\/wp-json\/wp\/v2\/posts"}],"about":[{"href":"https:\/\/www.baerenfunk.de\/index.php\/wp-json\/wp\/v2\/types\/post"}],"author":[{"embeddable":true,"href":"https:\/\/www.baerenfunk.de\/index.php\/wp-json\/wp\/v2\/users\/1"}],"replies":[{"embeddable":true,"href":"https:\/\/www.baerenfunk.de\/index.php\/wp-json\/wp\/v2\/comments?post=1522"}],"version-history":[{"count":1,"href":"https:\/\/www.baerenfunk.de\/index.php\/wp-json\/wp\/v2\/posts\/1522\/revisions"}],"predecessor-version":[{"id":1524,"href":"https:\/\/www.baerenfunk.de\/index.php\/wp-json\/wp\/v2\/posts\/1522\/revisions\/1524"}],"wp:attachment":[{"href":"https:\/\/www.baerenfunk.de\/index.php\/wp-json\/wp\/v2\/media?parent=1522"}],"wp:term":[{"taxonomy":"category","embeddable":true,"href":"https:\/\/www.baerenfunk.de\/index.php\/wp-json\/wp\/v2\/categories?post=1522"},{"taxonomy":"post_tag","embeddable":true,"href":"https:\/\/www.baerenfunk.de\/index.php\/wp-json\/wp\/v2\/tags?post=1522"}],"curies":[{"name":"wp","href":"https:\/\/api.w.org\/{rel}","templated":true}]}}