{"id":1515,"date":"2020-07-12T20:13:01","date_gmt":"2020-07-12T19:13:01","guid":{"rendered":"https:\/\/www.baerenfunk.de\/?p=1515"},"modified":"2020-07-12T20:19:58","modified_gmt":"2020-07-12T19:19:58","slug":"ov-abend-am-15-juli-2020","status":"publish","type":"post","link":"https:\/\/www.baerenfunk.de\/index.php\/2020\/07\/12\/ov-abend-am-15-juli-2020\/","title":{"rendered":"OV-Abend am 15 Juli. 2020 &#8222;live&#8220; und pers\u00f6nlich"},"content":{"rendered":"<p>Unser OV-Abend kann endlich wieder &#8222;live&#8220; stattfinden &#8211; die neue P\u00e4chterin freut sich darauf, uns kennenzulernen und uns mit frisch zubereiteten Gerichten zu verw\u00f6hnen. Auch die altbew\u00e4hrte Funkerplatte wird es &#8211; vielleicht in etwas anderer Version &#8211; wieder f\u00fcr uns geben. Also: Auf ein pers\u00f6nliches Wiedersehen am Mittwoch!<\/p>\n","protected":false},"excerpt":{"rendered":"<p>Unser OV-Abend kann endlich wieder &#8222;live&#8220; stattfinden &#8211; die neue P\u00e4chterin freut sich darauf, uns kennenzulernen und uns mit frisch zubereiteten Gerichten zu verw\u00f6hnen. Auch die altbew\u00e4hrte Funkerplatte wird es &hellip; <\/p>\n<p class=\"link-more\"><a href=\"https:\/\/www.baerenfunk.de\/index.php\/2020\/07\/12\/ov-abend-am-15-juli-2020\/\" class=\"more-link\"><span class=\"screen-reader-text\">\u201eOV-Abend am 15 Juli. 2020 &#8222;live&#8220; und pers\u00f6nlich\u201c<\/span> weiterlesen<\/a><\/p>\n","protected":false},"author":1,"featured_media":0,"comment_status":"closed","ping_status":"closed","sticky":false,"template":"","format":"standard","meta":{"footnotes":""},"categories":[4,75],"tags":[],"_links":{"self":[{"href":"https:\/\/www.baerenfunk.de\/index.php\/wp-json\/wp\/v2\/posts\/1515"}],"collection":[{"href":"https:\/\/www.baerenfunk.de\/index.php\/wp-json\/wp\/v2\/posts"}],"about":[{"href":"https:\/\/www.baerenfunk.de\/index.php\/wp-json\/wp\/v2\/types\/post"}],"author":[{"embeddable":true,"href":"https:\/\/www.baerenfunk.de\/index.php\/wp-json\/wp\/v2\/users\/1"}],"replies":[{"embeddable":true,"href":"https:\/\/www.baerenfunk.de\/index.php\/wp-json\/wp\/v2\/comments?post=1515"}],"version-history":[{"count":2,"href":"https:\/\/www.baerenfunk.de\/index.php\/wp-json\/wp\/v2\/posts\/1515\/revisions"}],"predecessor-version":[{"id":1520,"href":"https:\/\/www.baerenfunk.de\/index.php\/wp-json\/wp\/v2\/posts\/1515\/revisions\/1520"}],"wp:attachment":[{"href":"https:\/\/www.baerenfunk.de\/index.php\/wp-json\/wp\/v2\/media?parent=1515"}],"wp:term":[{"taxonomy":"category","embeddable":true,"href":"https:\/\/www.baerenfunk.de\/index.php\/wp-json\/wp\/v2\/categories?post=1515"},{"taxonomy":"post_tag","embeddable":true,"href":"https:\/\/www.baerenfunk.de\/index.php\/wp-json\/wp\/v2\/tags?post=1515"}],"curies":[{"name":"wp","href":"https:\/\/api.w.org\/{rel}","templated":true}]}}