{"id":144,"date":"2018-09-15T14:38:57","date_gmt":"2018-09-15T12:38:57","guid":{"rendered":"http:\/\/www.baerenfunk.de\/?p=144"},"modified":"2019-11-15T12:45:20","modified_gmt":"2019-11-15T11:45:20","slug":"bericht-vom-september-ov-abend","status":"publish","type":"post","link":"https:\/\/www.baerenfunk.de\/index.php\/2018\/09\/15\/bericht-vom-september-ov-abend\/","title":{"rendered":"Bericht vom September-OV-Abend"},"content":{"rendered":"<p>Mit etwa 25 aktiven OMs sowie Freunden und G\u00e4sten aus anderen Ortsverb\u00e4nden sowie der Amateurfunk-Liga des Arbeiter-Samariter-Bundes (ASB) Hannover Stadt war die Veranstaltung gut besucht, obwohl wir kein besonderes Programm hatten.<\/p>\n<p><strong>Amateurfunk in Not- und Katastrophenf\u00e4llen<\/strong><br \/>\nJ\u00f6rg, DO1JAW berichtete von den Fortschritten des Integration des Amateurfunks in die Einsatz-Leitzentrale der Region Hannover. Dort hatten wir im letzten Jahr einen Amateurfunk-Kurs angeboten, aus dem 5 Lizenzen hervorgegangen sind.<br \/>\nMitglieder aus dem ASB Hannover Stadt besuchen den Amateurfunk-Kurs des Ortsverbandes H42 Hannover-Garbsen. Auch hat der ASB Hannover-Stadt die ersten Sachspenden zur Integration des Amateurfunks in seine Einsatzzentrale erhalten.<\/p>\n<p><strong>Amateurfunk-Anh\u00e4nger<\/strong><br \/>\nWir wollen pr\u00fcfen, inwieweit wir in Kooperation mit dem ASB Hannover Stadt einen &#8222;Amateurfunk-Anh\u00e4nger&#8220; mit Equipment f\u00fcr den Einsatz in Not- und Katastrophenf\u00e4llen realisieren k\u00f6nnen. Unter anderem w\u00fcrden wir das WRTC-Equipment hierzu bereitstellen, ferner ist die Idee, den Anh\u00e4nger mit einem transportablen Repeater auszustatten. Roland, DF1OE wird dazu eine entsprechende Projektskizze entwerfen.<\/p>\n<p><strong>Beteiligung an der Maker-Faire 2019<\/strong><br \/>\nAngeregt durch Frank, DO1FRK (Notfunk-Referent des Distriktes, H13) und Eugen, DL5UHR planen wir, uns im Jahr 2019 an der Maker-Faire zu beteiligen. Bereits 2013 hatten wir einmal teilgenommen und eine komplette Amateurfunkstation mit Mast und Beam auf dem Freigel\u00e4nde der Maker-Faire gezeigt. F\u00fcr 2019 h\u00e4tten wir unter anderem die M\u00f6glichkeit mit der WRTC-Station dabei zu sein. Voraussetzung ist nat\u00fcrlich auch diesmal, das sich gen\u00fcgend aktive Helfer finden.<\/p>\n<p><strong>Vorstandssitzung<\/strong><br \/>\nAm 19.10. treffen sich Eugen und Roland zur Vorstandssitzung &#8211; unter anderem zur Planung der Vorgehensweise zur Maker-Faire 2019. F\u00fcr alle Mitglieder und Freunde des Ortsverbandes besteht nat\u00fcrlich die M\u00f6glichkeit, aktuelle Fragen oder weitere Vorschl\u00e4ge zur Beratung durch den Vorstand zu machen.<\/p>\n","protected":false},"excerpt":{"rendered":"<p>Mit etwa 25 aktiven OMs sowie Freunden und G\u00e4sten aus anderen Ortsverb\u00e4nden sowie der Amateurfunk-Liga des Arbeiter-Samariter-Bundes (ASB) Hannover Stadt war die Veranstaltung gut besucht, obwohl wir kein besonderes Programm &hellip; <\/p>\n<p class=\"link-more\"><a href=\"https:\/\/www.baerenfunk.de\/index.php\/2018\/09\/15\/bericht-vom-september-ov-abend\/\" class=\"more-link\"><span class=\"screen-reader-text\">\u201eBericht vom September-OV-Abend\u201c<\/span> weiterlesen<\/a><\/p>\n","protected":false},"author":1,"featured_media":0,"comment_status":"open","ping_status":"open","sticky":false,"template":"","format":"standard","meta":{"footnotes":""},"categories":[75],"tags":[],"_links":{"self":[{"href":"https:\/\/www.baerenfunk.de\/index.php\/wp-json\/wp\/v2\/posts\/144"}],"collection":[{"href":"https:\/\/www.baerenfunk.de\/index.php\/wp-json\/wp\/v2\/posts"}],"about":[{"href":"https:\/\/www.baerenfunk.de\/index.php\/wp-json\/wp\/v2\/types\/post"}],"author":[{"embeddable":true,"href":"https:\/\/www.baerenfunk.de\/index.php\/wp-json\/wp\/v2\/users\/1"}],"replies":[{"embeddable":true,"href":"https:\/\/www.baerenfunk.de\/index.php\/wp-json\/wp\/v2\/comments?post=144"}],"version-history":[{"count":1,"href":"https:\/\/www.baerenfunk.de\/index.php\/wp-json\/wp\/v2\/posts\/144\/revisions"}],"predecessor-version":[{"id":1047,"href":"https:\/\/www.baerenfunk.de\/index.php\/wp-json\/wp\/v2\/posts\/144\/revisions\/1047"}],"wp:attachment":[{"href":"https:\/\/www.baerenfunk.de\/index.php\/wp-json\/wp\/v2\/media?parent=144"}],"wp:term":[{"taxonomy":"category","embeddable":true,"href":"https:\/\/www.baerenfunk.de\/index.php\/wp-json\/wp\/v2\/categories?post=144"},{"taxonomy":"post_tag","embeddable":true,"href":"https:\/\/www.baerenfunk.de\/index.php\/wp-json\/wp\/v2\/tags?post=144"}],"curies":[{"name":"wp","href":"https:\/\/api.w.org\/{rel}","templated":true}]}}