{"id":1415,"date":"2020-03-27T21:35:48","date_gmt":"2020-03-27T20:35:48","guid":{"rendered":"https:\/\/www.baerenfunk.de\/?p=1415"},"modified":"2020-03-27T21:37:05","modified_gmt":"2020-03-27T20:37:05","slug":"amateurfunk-kurs-e-lizenz","status":"publish","type":"post","link":"https:\/\/www.baerenfunk.de\/index.php\/2020\/03\/27\/amateurfunk-kurs-e-lizenz\/","title":{"rendered":"Amateurfunk-Kurs E-Lizenz"},"content":{"rendered":"\n<p>Unser Amateurfunkkurs wendet sich speziell an Jugendliche aus Hilfsorganisationen. Der Kurs wird in Kooperation mit dem Arbeiter-Samariter-Bund Stadtverband Hannover durchgef\u00fchrt.<br>Er ist auch f\u00fcr Jugendliche aus anderen Hilfsorganisationen offen. Nat\u00fcrlich kann jeder junge Mensch teilnehmen, der Interesse an Technik und der Amateurfunklizenz hat. <\/p>\n\n\n\n<p>Anmeldung hier:  <a href=\"https:\/\/www.baerenfunk.de\/index.php\/event\/amateurfunkkurs-e-lizenz\/\">https:\/\/www.baerenfunk.de\/index.php\/event\/amateurfunkkurs-e-lizenz\/<\/a>  <\/p>\n","protected":false},"excerpt":{"rendered":"<p>Unser Amateurfunkkurs wendet sich speziell an Jugendliche aus Hilfsorganisationen. Der Kurs wird in Kooperation mit dem Arbeiter-Samariter-Bund Stadtverband Hannover durchgef\u00fchrt.Er ist auch f\u00fcr Jugendliche aus anderen Hilfsorganisationen offen. Nat\u00fcrlich kann &hellip; <\/p>\n<p class=\"link-more\"><a href=\"https:\/\/www.baerenfunk.de\/index.php\/2020\/03\/27\/amateurfunk-kurs-e-lizenz\/\" class=\"more-link\"><span class=\"screen-reader-text\">\u201eAmateurfunk-Kurs E-Lizenz\u201c<\/span> weiterlesen<\/a><\/p>\n","protected":false},"author":1,"featured_media":0,"comment_status":"closed","ping_status":"closed","sticky":false,"template":"","format":"standard","meta":{"footnotes":""},"categories":[4],"tags":[],"_links":{"self":[{"href":"https:\/\/www.baerenfunk.de\/index.php\/wp-json\/wp\/v2\/posts\/1415"}],"collection":[{"href":"https:\/\/www.baerenfunk.de\/index.php\/wp-json\/wp\/v2\/posts"}],"about":[{"href":"https:\/\/www.baerenfunk.de\/index.php\/wp-json\/wp\/v2\/types\/post"}],"author":[{"embeddable":true,"href":"https:\/\/www.baerenfunk.de\/index.php\/wp-json\/wp\/v2\/users\/1"}],"replies":[{"embeddable":true,"href":"https:\/\/www.baerenfunk.de\/index.php\/wp-json\/wp\/v2\/comments?post=1415"}],"version-history":[{"count":1,"href":"https:\/\/www.baerenfunk.de\/index.php\/wp-json\/wp\/v2\/posts\/1415\/revisions"}],"predecessor-version":[{"id":1416,"href":"https:\/\/www.baerenfunk.de\/index.php\/wp-json\/wp\/v2\/posts\/1415\/revisions\/1416"}],"wp:attachment":[{"href":"https:\/\/www.baerenfunk.de\/index.php\/wp-json\/wp\/v2\/media?parent=1415"}],"wp:term":[{"taxonomy":"category","embeddable":true,"href":"https:\/\/www.baerenfunk.de\/index.php\/wp-json\/wp\/v2\/categories?post=1415"},{"taxonomy":"post_tag","embeddable":true,"href":"https:\/\/www.baerenfunk.de\/index.php\/wp-json\/wp\/v2\/tags?post=1415"}],"curies":[{"name":"wp","href":"https:\/\/api.w.org\/{rel}","templated":true}]}}