{"id":1101,"date":"2020-01-19T21:27:33","date_gmt":"2020-01-19T20:27:33","guid":{"rendered":"https:\/\/www.baerenfunk.de\/?p=1101"},"modified":"2020-01-19T21:27:35","modified_gmt":"2020-01-19T20:27:35","slug":"bericht-vom-ov-abend-januar-jahresplanung","status":"publish","type":"post","link":"https:\/\/www.baerenfunk.de\/index.php\/2020\/01\/19\/bericht-vom-ov-abend-januar-jahresplanung\/","title":{"rendered":"Bericht vom OV-Abend Januar: Jahresplanung"},"content":{"rendered":"\n<p>Mit ca. 20 Teilnehmern und G\u00e4sten aus anderen Ortsverb\u00e4nden war der Januar-OV Abend gut besucht und wir konnten einige Ideen weiterentwickeln und in die Jahresplanung einbauen. Hier nun die Zusammenfassung:<\/p>\n\n\n\n<p><strong>Ausbau Container<\/strong><br> Es hat mittlerweile eine um Tom, DL9OBD erweiterte Vorstandssitzung gegeben, in der die Vorschl\u00e4ge von Charlie (ex DD0DR), jetzt DL8PC durchgegangen wurden. Mit Tom wurde abgesprochen, dass er die ben\u00f6tigten Materialen bestellt &#8211; allerdings wartet er noch auf die schriftliche Fassung des Protokolls der Vorstandssitzung. Wir sind sicher, das im Fr\u00fchjahr mit der Ert\u00fcchtigung des Containers begonnen werden kann.<\/p>\n\n\n\n<p><strong>Gro\u00dfraum Entdecker-Tag<\/strong><br> Da in diesem Jahr der Gro\u00dfraum-Entdecker-Tag mit der Maker-Faire zusammenf\u00e4llt, erhielten wir \u00fcber Eugen, DL5UHR die Anfrage aus H13, ob wir den Stand auf dem Entdecker-Tag \u00fcbernehmen k\u00f6nnen. Der Entdecker-Tag findet am 13.09.2020 statt. Nach kurzer Beratung haben wir zugestimmt, das wir dort (zusammen mit Region Hannover und dem ASB) pr\u00e4sent sein werden. Dabei ist uns wichtig, das die Funkamateure als eine eigenst\u00e4ndige und im Bereich Funk kompetente und kooperative Organisation wahrgenommen werden &#8211; hierzu muss noch ein Standkonzept ausgearbeitet werden. Ferner brauchen wir eine geeignete &#8222;Standbesatzung&#8220;.<\/p>\n\n\n\n<p><strong>Aus- und Fortbildung<\/strong><br> BOS-Funklehrgang<br> \u00dcber den ASB ist wieder die Teilnahme an einem BOS-Funklehrgang m\u00f6glich. Termin (wahrscheinlich im M\u00e4rz) folgt noch.<\/p>\n\n\n\n<p>Amateurfunk-Lizenzkurs<br>\nWir wollen in diesem Jahr einen Amateurfunk-Lizenzkurs anbieten. Dabei k\u00f6nnen wir die R\u00e4umlichkeiten des ASB verwenden &#8211; gleichzeitig sind die Jugendlichen des ASB auch Zielgruppe des Kurses. Da es f\u00fcr einen Einzelnen kaum m\u00f6glich ist, 10 Samstagnachmittage lang zu schulen, haben sich nach kurzer Nachfrage die OMs Achim (DL9OAC), Oliver (DO1OLM), Kai (DO9KAS), Karsten (DJ1KS) und Roland (DF1OE) bereiterkl\u00e4rt Teile des Kurses als Mitglieder des Ausbildungsteams zu gestalten. Falls es noch L\u00fccken gibt wollen wir mit dem H42-Ausbildungsteam kooperieren und dort nachfragen.<\/p>\n\n\n\n<p>Lizenz geschafft &#8211; und jetzt?<br>\nUnter diesem Motto steht eine Praxis-Reihe, die noch im Februar stattfinden sollen. Sie wendet sich an frisch lizensierten OMs, die sich nach der Pr\u00fcfung genauer \u00fcber die technischen M\u00f6glichkeiten und die Betriebstechnik im Amateurfunk informieren wollen. (Roland,DF1OE)<\/p>\n\n\n\n<p>Offener Container<br>\nErg\u00e4nzend zu allen anderen Angeboten soll es regelm\u00e4\u00dfig einen &#8222;Offenen Container&#8220; geben &#8211; Termine, die als Anlaufstelle f\u00fcr Fragen, Experimente und kleine Bastelprojekte (z.B. wie l\u00f6te ich ein Koaxkabel an einen Stecker, Bau einfacher Antennen etc.) gedacht ist (Achim, DL9OAC) <\/p>\n\n\n\n<p><strong>Jahreshauptversammlung<\/strong><br> Die diesj\u00e4hrige Jahreshauptversammlung (mit Wahlen) findet am Mittwoch, den 11. M\u00e4rz 2020 statt. Wahlvorstand sind Carsten, DL5OG und Karsten, DJ1KS. Eine gesonderte Einladung geht \u00fcber Email an alle Ortsverbandsmitglieder.<\/p>\n\n\n\n<p><strong>H48 Fieldday im Weserbergland<\/strong><br> Unser Fieldday im Weserbergland findet vom 12.-14.Juni statt. Das ist zwar ein Wochenende nach dem offiziellen IARU Region 1 Fieldday, aber in der Regel haben sich unsere Funkaktivit\u00e4ten stark in Grenzen gehalten &#8211; das Ganze dient eher dem Erfahrungsaustausch und gemeinsamen Spass.<\/p>\n\n\n\n<p><strong>QO-100 Funkkontakt mit der Antarktis<\/strong><br> Ingo (Lacky &#8211; DC1AP) h\u00e4lt zur Zeit Kontakt mit Felix Ries (DL5XL) der auf dem Weg in die Georg von Neumeyer Station in die Antarktis ist. Der eine oder andere OM wird ihn schon bei fr\u00fcheren Aufenthalten unter dem Rufzeichen DP1POL auf Kurzwelle gearbeitet haben. Felix will w\u00e4hrend dieses Aufenthaltes \u00fcber AMSAT QO-100 QRV werden und Ingo versucht mit ihm einen Termin f\u00fcr einen Sked abzusprechen. Dabei soll die portable Oscar-Station von Tom DL9OBD Verwendung finden &#8211; Eugen DL5UHR verf\u00fcgt \u00fcber einen guten Kontakt zur Presse\u2026 Das Schwierigste ist jetzt, einen passeneden Termin und Ort f\u00fcr die Aktivit\u00e4t zu finden.<\/p>\n","protected":false},"excerpt":{"rendered":"<p>Mit ca. 20 Teilnehmern und G\u00e4sten aus anderen Ortsverb\u00e4nden war der Januar-OV Abend gut besucht und wir konnten einige Ideen weiterentwickeln und in die Jahresplanung einbauen. Hier nun die Zusammenfassung: &hellip; <\/p>\n<p class=\"link-more\"><a href=\"https:\/\/www.baerenfunk.de\/index.php\/2020\/01\/19\/bericht-vom-ov-abend-januar-jahresplanung\/\" class=\"more-link\"><span class=\"screen-reader-text\">\u201eBericht vom OV-Abend Januar: Jahresplanung\u201c<\/span> weiterlesen<\/a><\/p>\n","protected":false},"author":1,"featured_media":0,"comment_status":"closed","ping_status":"closed","sticky":false,"template":"","format":"standard","meta":{"footnotes":""},"categories":[4,75],"tags":[],"_links":{"self":[{"href":"https:\/\/www.baerenfunk.de\/index.php\/wp-json\/wp\/v2\/posts\/1101"}],"collection":[{"href":"https:\/\/www.baerenfunk.de\/index.php\/wp-json\/wp\/v2\/posts"}],"about":[{"href":"https:\/\/www.baerenfunk.de\/index.php\/wp-json\/wp\/v2\/types\/post"}],"author":[{"embeddable":true,"href":"https:\/\/www.baerenfunk.de\/index.php\/wp-json\/wp\/v2\/users\/1"}],"replies":[{"embeddable":true,"href":"https:\/\/www.baerenfunk.de\/index.php\/wp-json\/wp\/v2\/comments?post=1101"}],"version-history":[{"count":1,"href":"https:\/\/www.baerenfunk.de\/index.php\/wp-json\/wp\/v2\/posts\/1101\/revisions"}],"predecessor-version":[{"id":1102,"href":"https:\/\/www.baerenfunk.de\/index.php\/wp-json\/wp\/v2\/posts\/1101\/revisions\/1102"}],"wp:attachment":[{"href":"https:\/\/www.baerenfunk.de\/index.php\/wp-json\/wp\/v2\/media?parent=1101"}],"wp:term":[{"taxonomy":"category","embeddable":true,"href":"https:\/\/www.baerenfunk.de\/index.php\/wp-json\/wp\/v2\/categories?post=1101"},{"taxonomy":"post_tag","embeddable":true,"href":"https:\/\/www.baerenfunk.de\/index.php\/wp-json\/wp\/v2\/tags?post=1101"}],"curies":[{"name":"wp","href":"https:\/\/api.w.org\/{rel}","templated":true}]}}