{"id":1086,"date":"2019-12-18T12:36:35","date_gmt":"2019-12-18T11:36:35","guid":{"rendered":"https:\/\/www.baerenfunk.de\/?p=1086"},"modified":"2019-12-18T12:36:37","modified_gmt":"2019-12-18T11:36:37","slug":"erfolgreiche-bos-sprechfunkausbildung-beim-drk","status":"publish","type":"post","link":"https:\/\/www.baerenfunk.de\/index.php\/2019\/12\/18\/erfolgreiche-bos-sprechfunkausbildung-beim-drk\/","title":{"rendered":"Erfolgreiche BOS-Sprechfunkausbildung beim DRK"},"content":{"rendered":"\n<p><strong>von Frank, DO1FRK, Notfunkreferent Distrikt Niedersachsen<\/strong><br>Erstmals wurde beim DRK Niedersachsen eine Sprechfunkausbildung f\u00fcr den Digitalfunk der BOS (Beh\u00f6rden und Organisationen mit Sicherheitsaufgaben) gemeinsam mit Rotkreuz-Helfern und Funkamateuren durchgef\u00fchrt. An zwei Ausbildungswochenenden haben f\u00fcnf notfunkinteressierte OMs aus dem Bereich Hannover die Berechtigung zur Teilnahme am Sprechfunk der BOS erworben. Die Grundausbildung umfasste technische, rechtliche und organisatorische Grundlagen des TETRA-Funksystems der BOS, sowie einen hohen Praxisanteil im Umgang mit den Ger\u00e4ten und der Betriebsabwicklung. <\/p>\n\n\n\n<figure class=\"wp-block-image\"><img loading=\"lazy\" decoding=\"async\" width=\"1024\" height=\"534\" src=\"https:\/\/www.baerenfunk.de\/wp-content\/uploads\/2019\/12\/IMGP7398-e1576668728546-1024x534.jpg\" alt=\"Die Absolventen des BOS-Sprechfunklehrgangs\" class=\"wp-image-1087\" srcset=\"https:\/\/www.baerenfunk.de\/wp-content\/uploads\/2019\/12\/IMGP7398-e1576668728546-1024x534.jpg 1024w, https:\/\/www.baerenfunk.de\/wp-content\/uploads\/2019\/12\/IMGP7398-e1576668728546-300x156.jpg 300w, https:\/\/www.baerenfunk.de\/wp-content\/uploads\/2019\/12\/IMGP7398-e1576668728546-768x400.jpg 768w, https:\/\/www.baerenfunk.de\/wp-content\/uploads\/2019\/12\/IMGP7398-e1576668728546.jpg 1312w\" sizes=\"(max-width: 767px) 89vw, (max-width: 1000px) 54vw, (max-width: 1071px) 543px, 580px\" \/><\/figure>\n\n\n\n<p>Auch der Umgang mit im Katastrophenschutz genutzten topographischen Karten und UTM-Koordinaten wurde ge\u00fcbt. Diese erste gemeinsame Ausbildung wurde von beiden Seiten sehr positiv bewertet. Anf\u00e4ngliche Skepsis aufgrund unterschiedlicher Interessen und Vorkenntnissen war schnell verflogen und alle 16 Teilnehmenden wurden ein Team. Das Engagement unserer OMs ist ein weiterer Baustein f\u00fcr eine Zusammenarbeit der BOS mit dem Notfunk des DARC Distriktes H bei entsprechenden Lagen. Auch \u00fcber andere Organisationen stehen im n\u00e4chsten Jahr ggf. einige Pl\u00e4tze in Lehrg\u00e4ngen zur Verf\u00fcgung. Interessenten k\u00f6nnen \u00fcber die OVV an den Notfunkreferenten unter <a href=\"mailto:do1frk@darc.de\">do1frk@darc.de<\/a> gemeldet werden. Dar\u00fcber hinaus sollten \u00f6rtliche Kontakte zu den BOS genutzt werden, wenn Interesse an gemeinsamen Ausbildungen besteht. Wie man sieht funktioniert es &#8211; wenn beide Seiten dazu bereit sind. Einfach mal ausprobieren! <\/p>\n","protected":false},"excerpt":{"rendered":"<p>von Frank, DO1FRK, Notfunkreferent Distrikt NiedersachsenErstmals wurde beim DRK Niedersachsen eine Sprechfunkausbildung f\u00fcr den Digitalfunk der BOS (Beh\u00f6rden und Organisationen mit Sicherheitsaufgaben) gemeinsam mit Rotkreuz-Helfern und Funkamateuren durchgef\u00fchrt. An zwei &hellip; <\/p>\n<p class=\"link-more\"><a href=\"https:\/\/www.baerenfunk.de\/index.php\/2019\/12\/18\/erfolgreiche-bos-sprechfunkausbildung-beim-drk\/\" class=\"more-link\"><span class=\"screen-reader-text\">\u201eErfolgreiche BOS-Sprechfunkausbildung beim DRK\u201c<\/span> weiterlesen<\/a><\/p>\n","protected":false},"author":1,"featured_media":0,"comment_status":"closed","ping_status":"closed","sticky":false,"template":"","format":"standard","meta":{"footnotes":""},"categories":[5],"tags":[9],"_links":{"self":[{"href":"https:\/\/www.baerenfunk.de\/index.php\/wp-json\/wp\/v2\/posts\/1086"}],"collection":[{"href":"https:\/\/www.baerenfunk.de\/index.php\/wp-json\/wp\/v2\/posts"}],"about":[{"href":"https:\/\/www.baerenfunk.de\/index.php\/wp-json\/wp\/v2\/types\/post"}],"author":[{"embeddable":true,"href":"https:\/\/www.baerenfunk.de\/index.php\/wp-json\/wp\/v2\/users\/1"}],"replies":[{"embeddable":true,"href":"https:\/\/www.baerenfunk.de\/index.php\/wp-json\/wp\/v2\/comments?post=1086"}],"version-history":[{"count":1,"href":"https:\/\/www.baerenfunk.de\/index.php\/wp-json\/wp\/v2\/posts\/1086\/revisions"}],"predecessor-version":[{"id":1088,"href":"https:\/\/www.baerenfunk.de\/index.php\/wp-json\/wp\/v2\/posts\/1086\/revisions\/1088"}],"wp:attachment":[{"href":"https:\/\/www.baerenfunk.de\/index.php\/wp-json\/wp\/v2\/media?parent=1086"}],"wp:term":[{"taxonomy":"category","embeddable":true,"href":"https:\/\/www.baerenfunk.de\/index.php\/wp-json\/wp\/v2\/categories?post=1086"},{"taxonomy":"post_tag","embeddable":true,"href":"https:\/\/www.baerenfunk.de\/index.php\/wp-json\/wp\/v2\/tags?post=1086"}],"curies":[{"name":"wp","href":"https:\/\/api.w.org\/{rel}","templated":true}]}}