{"id":1062,"date":"2019-11-20T22:14:44","date_gmt":"2019-11-20T21:14:44","guid":{"rendered":"https:\/\/www.baerenfunk.de\/?p=1062"},"modified":"2019-12-27T12:43:14","modified_gmt":"2019-12-27T11:43:14","slug":"jahresabschluss-essen-db0tvh","status":"publish","type":"post","link":"https:\/\/www.baerenfunk.de\/index.php\/2019\/11\/20\/jahresabschluss-essen-db0tvh\/","title":{"rendered":"Jahresabschluss-Essen DB0TVH"},"content":{"rendered":"\n<p><strong>Ab sofort k\u00f6nnt ihr Euch hier  anmelden <\/strong>(registrieren):&nbsp;<br><a href=\"https:\/\/www.baerenfunk.de\/index.php\/event\/jahresabschluss-essen-db0tvh\/\">https:\/\/www.baerenfunk.de\/index.php\/event\/jahresabschluss-essen-db0tvh\/<\/a> <\/p>\n\n\n\n<figure class=\"wp-block-image\"><img loading=\"lazy\" decoding=\"async\" width=\"1024\" height=\"578\" src=\"https:\/\/www.baerenfunk.de\/wp-content\/uploads\/2019\/05\/IMG_20190517_185802_neu-1024x578.jpg\" alt=\"\" class=\"wp-image-930\" srcset=\"https:\/\/www.baerenfunk.de\/wp-content\/uploads\/2019\/05\/IMG_20190517_185802_neu-1024x578.jpg 1024w, https:\/\/www.baerenfunk.de\/wp-content\/uploads\/2019\/05\/IMG_20190517_185802_neu-300x169.jpg 300w, https:\/\/www.baerenfunk.de\/wp-content\/uploads\/2019\/05\/IMG_20190517_185802_neu-768x434.jpg 768w\" sizes=\"(max-width: 767px) 89vw, (max-width: 1000px) 54vw, (max-width: 1071px) 543px, 580px\" \/><figcaption>Das letzte DB0TVH-Treffen im La Villa Grand<\/figcaption><\/figure>\n\n\n\n<p>Wir wollen einfach in diesem Jahr m\u00f6glichst vielen Funkamateuren aus der Region bei einem Essen die Gelegenheit zum gemeinsamen Jahresausklang geben. Und da wir mit der Gastst\u00e4tte La Grande Villa in Langenhagen gute Erfahrungen gemacht haben, soll das Treffen wieder dort stattfinden. <br>Bitte meldet Euch an, damit wir gen\u00fcgend Pl\u00e4tze reservieren k\u00f6nnen.<\/p>\n\n\n\n<p><\/p>\n","protected":false},"excerpt":{"rendered":"<p>Ab sofort k\u00f6nnt ihr Euch hier anmelden (registrieren):&nbsp;https:\/\/www.baerenfunk.de\/index.php\/event\/jahresabschluss-essen-db0tvh\/ Wir wollen einfach in diesem Jahr m\u00f6glichst vielen Funkamateuren aus der Region bei einem Essen die Gelegenheit zum gemeinsamen Jahresausklang geben. Und &hellip; <\/p>\n<p class=\"link-more\"><a href=\"https:\/\/www.baerenfunk.de\/index.php\/2019\/11\/20\/jahresabschluss-essen-db0tvh\/\" class=\"more-link\"><span class=\"screen-reader-text\">\u201eJahresabschluss-Essen DB0TVH\u201c<\/span> weiterlesen<\/a><\/p>\n","protected":false},"author":1,"featured_media":0,"comment_status":"closed","ping_status":"closed","sticky":false,"template":"","format":"standard","meta":{"footnotes":""},"categories":[4],"tags":[61],"_links":{"self":[{"href":"https:\/\/www.baerenfunk.de\/index.php\/wp-json\/wp\/v2\/posts\/1062"}],"collection":[{"href":"https:\/\/www.baerenfunk.de\/index.php\/wp-json\/wp\/v2\/posts"}],"about":[{"href":"https:\/\/www.baerenfunk.de\/index.php\/wp-json\/wp\/v2\/types\/post"}],"author":[{"embeddable":true,"href":"https:\/\/www.baerenfunk.de\/index.php\/wp-json\/wp\/v2\/users\/1"}],"replies":[{"embeddable":true,"href":"https:\/\/www.baerenfunk.de\/index.php\/wp-json\/wp\/v2\/comments?post=1062"}],"version-history":[{"count":6,"href":"https:\/\/www.baerenfunk.de\/index.php\/wp-json\/wp\/v2\/posts\/1062\/revisions"}],"predecessor-version":[{"id":1090,"href":"https:\/\/www.baerenfunk.de\/index.php\/wp-json\/wp\/v2\/posts\/1062\/revisions\/1090"}],"wp:attachment":[{"href":"https:\/\/www.baerenfunk.de\/index.php\/wp-json\/wp\/v2\/media?parent=1062"}],"wp:term":[{"taxonomy":"category","embeddable":true,"href":"https:\/\/www.baerenfunk.de\/index.php\/wp-json\/wp\/v2\/categories?post=1062"},{"taxonomy":"post_tag","embeddable":true,"href":"https:\/\/www.baerenfunk.de\/index.php\/wp-json\/wp\/v2\/tags?post=1062"}],"curies":[{"name":"wp","href":"https:\/\/api.w.org\/{rel}","templated":true}]}}