{"id":1048,"date":"2019-11-15T14:40:27","date_gmt":"2019-11-15T13:40:27","guid":{"rendered":"https:\/\/www.baerenfunk.de\/?p=1048"},"modified":"2019-11-15T14:40:28","modified_gmt":"2019-11-15T13:40:28","slug":"bericht-vom-ov-abend-im-november-2019","status":"publish","type":"post","link":"https:\/\/www.baerenfunk.de\/index.php\/2019\/11\/15\/bericht-vom-ov-abend-im-november-2019\/","title":{"rendered":"Bericht vom OV-Abend im November 2019"},"content":{"rendered":"\n<p>Der OV-Abend war mit 18 Teilnehmern gut besucht &#8211; auch viele G\u00e4ste hatten den Weg zu uns gefunden. Hier f\u00fcr alle daheim Gebliebenen ein \u00dcberblick der besprochenen Themen.<\/p>\n\n\n\n<p><strong>Ausleuchtungstest DB0ROD<\/strong><br>Der Ausleuchtungstest war mit mehr als 130 teilnehmenden Stationen ein voller Erfolg.   Das berichten unabh\u00e4ngig voneinander die Betreiber der Stationen DB0RH (Region Hannover), DA0ASB (ASB Stadtverband Hannover) und des Relais DB0ROD. Auf allen Seiten wurde viel gelernt und allen Teilnehmern hat es Spa\u00df gemacht.  <\/p>\n\n\n\n<p><strong>Funken mit dem Weihnachtsmann<\/strong><br>Mittlerweile ist die gedruckte Version des Lebendigen  Adventskalenders Linden-S\u00fcd ver\u00f6ffentlicht. Der Termin 21.12.2019 14:00 Uhr bis 18:00 Uhr ist somit offiziell. Am Freitag, den 22.11.2019 trifft sich um 14:00 Uhr eine Vorbereitungsgruppe am Container um das Set-Up vor Ort zu besprechen. In diesem Jahr wird die Aktion vom ASB Stadtverband Hannover unterst\u00fctzt. Es soll insbesondere erreicht werden, das vom Weihnachtsmarkt auf dem Lindener Berg die Besucher den Weg zum Container finden. Weitere Unterst\u00fctzer der Aktion sind gerne gesehen &#8211; Kontakt \u00fcber J\u00f6rg, DO1JAW oder Roland, DF1OE.<\/p>\n\n\n\n<p><strong>Jahresabschluss-Essen DB0TVH f\u00fcr alle Funkamateure in der Region<br><\/strong>Am 27.12.2019 &#8211; das ist der letzte Freitag vor Silvester &#8211; findet ein gemeinsames Essen f\u00fcr alle Nutzer von DB0TVH statt. Als Ort f\u00fcr das Treffen haben wir wieder das Restaurant La Villa Grande  http:\/\/www.lavillagrande.de  in Godshorn gew\u00e4hlt. Das Treffen soll einfach der Vertiefung des Kontaktes untereinander dienen. In den n\u00e4chsten Tagen kann man sich hier auf der Webseite anmelden.  Das Treffen wird noch in den n\u00e4chsten Rundspr\u00fcchen beworben. Auf dem OV-Abend haben sich bereits 9 OMs spontan angemeldet.<\/p>\n\n\n\n<p><strong>Fahrtm\u00f6glichkeit zum Dortmunder Amateurfunkmarkt<br><\/strong>Am 30.11.2019 findet der Dortmunder Amateurfunkmarkt statt. Es besteht f\u00fcr interessierte Funkamateure eine Mitfahrtgelegenheit beim ASB Hannover Stadt. Von seiner Zentrale in der Petersstrasse 1-2 fahren am 30.11. zwei Kleinbusse mit insgesamt 18 Pl\u00e4tzen nach Dortmund. Eine Abfahrt gibt es f\u00fcr Fr\u00fchaufsteher, eine etwas sp\u00e4ter.  Kontakt: J\u00f6rg, DO1JAW oder \u00fcber einen der ASBler bei uns im Ortsverband.<\/p>\n\n\n\n<figure class=\"wp-block-image\"><img loading=\"lazy\" decoding=\"async\" width=\"1024\" height=\"683\" src=\"https:\/\/www.baerenfunk.de\/wp-content\/uploads\/2018\/08\/dl0ty-1024x683.jpg\" alt=\"DL0TY\" class=\"wp-image-59\" srcset=\"https:\/\/www.baerenfunk.de\/wp-content\/uploads\/2018\/08\/dl0ty-1024x683.jpg 1024w, https:\/\/www.baerenfunk.de\/wp-content\/uploads\/2018\/08\/dl0ty-300x200.jpg 300w, https:\/\/www.baerenfunk.de\/wp-content\/uploads\/2018\/08\/dl0ty-768x512.jpg 768w, https:\/\/www.baerenfunk.de\/wp-content\/uploads\/2018\/08\/dl0ty-1568x1045.jpg 1568w\" sizes=\"(max-width: 767px) 89vw, (max-width: 1000px) 54vw, (max-width: 1071px) 543px, 580px\" \/><figcaption>Clubstation DL0TY, rechts auf dem Dach sind die Panels der Solaranlage zu erkennen<\/figcaption><\/figure>\n\n\n\n<p><strong>Technische \u00dcberarbeitung DL0TY Container<\/strong><br>Charlie, DD0DR erl\u00e4uterte das Konzept zur technischen \u00dcberarbeitung der Solarstrom-Versorgung des Containers. Die Anlage ist mittlerweile \u00fcber 10 Jahre alt, mittlerweile hat sich in der Solartechnik viel getan, so dass es Sinn macht, die Anlage technisch zu \u00fcberarbeiten.<br>Das Konzept sieht die Trennung des 12 V-Netzes in zwei getrennte Stromkreise vor, so dass unterschiedliche Batterietypen entsprechend richtig geladen und verwendet werden k\u00f6nnen. Die Materialkosten f\u00fcr den techischen Umbau der Anlage belaufen sich etwa auf 1300 Euro, die wir nicht vollst\u00e4ndig aus den R\u00fccklagen des OVs bestreiten k\u00f6nnen. Eventuell k\u00f6nnen die Kosten noch etwas reduziert werden. Dazu werden noch die technischen Daten der Solarpanels recherchiert. Daher stellte der Vorstand den folgenden Antrag an die OV-Versammlung.<\/p>\n\n\n\n<p><strong>Antrag an den Vorstand zur Einwerbung von F\u00f6rdermitteln<\/strong><br>Der Vorstand (DL5UHR, DF1OE) stellt nach kurzer Beratung den folgenden Antrag an die Versammlung:<br>&#8222;Die Versammlung begr\u00fc\u00dft das von Charlie, DD0DR vorgelegte Konzept zur technischen \u00dcberarbeitung der Solarstromversorgung des Containers. Die Versammlung beauftragt den Vorstand des Ortsverbandes mit der Vorbereitung der Umsetzung, insbesondere mit der Einwerbung von zus\u00e4tzlichen finanziellen Mitteln zur technischen Ert\u00fcchtigung der Clubstation z.B. beim DARC Distrikt und\/oder \u00fcber den Stadtrat, der ja bereits vor 10 Jahren die Anschaffung der Solaranlage mit st\u00e4dtischen Mitteln unterst\u00fctzt hat.&#8220;<br>Der Antrag wir mit 12 Stimmen (zum Zeitpunkt der Abstimmung anwesende Ortsverbandsmitglieder: 12) ohne Gegenstimmen und Enthaltungen angenommen.<\/p>\n\n\n\n<p><strong>Neues 2 Meter Relais auf dem Deister<\/strong><br>Andreas, DG4OAE berichtet \u00fcber den Stand der \u00dcbernahme der 2 Meter\/70 cm Frequenz von DB0WD. Das Relais DB0WD wird am bisherigen Standort (Flugsicherung) abgebaut und auf einem von der Region bereitgestellten Standort wiederaufgebaut. Auf 2 Meter ist der Betrieb als DMR-Relais geplant. Wann die technische Umstellung vollst\u00e4ndig erfolgen kann, steht noch nicht fest.<\/p>\n\n\n\n<p><strong>F\u00f6rderung des Amateurfunks \u00fcber bildungsspender.de<\/strong><br>Andreas, DG4OAE berichtet \u00fcber die M\u00f6glichekeiten der F\u00f6rderung von Projekten im Distrikt \u00fcber die Webseite <a href=\"http:\/\/www.bildungsspender.de\">www.bildungsspender.de<\/a> . Hierzu ist bereits eine Mail an alle Mitglieder des Ortsverbandes rausgegangen.<\/p>\n\n\n\n<p>     <\/p>\n","protected":false},"excerpt":{"rendered":"<p>Der OV-Abend war mit 18 Teilnehmern gut besucht &#8211; auch viele G\u00e4ste hatten den Weg zu uns gefunden. Hier f\u00fcr alle daheim Gebliebenen ein \u00dcberblick der besprochenen Themen. Ausleuchtungstest DB0RODDer &hellip; <\/p>\n<p class=\"link-more\"><a href=\"https:\/\/www.baerenfunk.de\/index.php\/2019\/11\/15\/bericht-vom-ov-abend-im-november-2019\/\" class=\"more-link\"><span class=\"screen-reader-text\">\u201eBericht vom OV-Abend im November 2019\u201c<\/span> weiterlesen<\/a><\/p>\n","protected":false},"author":1,"featured_media":0,"comment_status":"closed","ping_status":"closed","sticky":false,"template":"","format":"standard","meta":{"footnotes":""},"categories":[75],"tags":[],"_links":{"self":[{"href":"https:\/\/www.baerenfunk.de\/index.php\/wp-json\/wp\/v2\/posts\/1048"}],"collection":[{"href":"https:\/\/www.baerenfunk.de\/index.php\/wp-json\/wp\/v2\/posts"}],"about":[{"href":"https:\/\/www.baerenfunk.de\/index.php\/wp-json\/wp\/v2\/types\/post"}],"author":[{"embeddable":true,"href":"https:\/\/www.baerenfunk.de\/index.php\/wp-json\/wp\/v2\/users\/1"}],"replies":[{"embeddable":true,"href":"https:\/\/www.baerenfunk.de\/index.php\/wp-json\/wp\/v2\/comments?post=1048"}],"version-history":[{"count":6,"href":"https:\/\/www.baerenfunk.de\/index.php\/wp-json\/wp\/v2\/posts\/1048\/revisions"}],"predecessor-version":[{"id":1054,"href":"https:\/\/www.baerenfunk.de\/index.php\/wp-json\/wp\/v2\/posts\/1048\/revisions\/1054"}],"wp:attachment":[{"href":"https:\/\/www.baerenfunk.de\/index.php\/wp-json\/wp\/v2\/media?parent=1048"}],"wp:term":[{"taxonomy":"category","embeddable":true,"href":"https:\/\/www.baerenfunk.de\/index.php\/wp-json\/wp\/v2\/categories?post=1048"},{"taxonomy":"post_tag","embeddable":true,"href":"https:\/\/www.baerenfunk.de\/index.php\/wp-json\/wp\/v2\/tags?post=1048"}],"curies":[{"name":"wp","href":"https:\/\/api.w.org\/{rel}","templated":true}]}}