{"id":1003,"date":"2019-10-21T06:51:54","date_gmt":"2019-10-21T05:51:54","guid":{"rendered":"https:\/\/www.baerenfunk.de\/?p=1003"},"modified":"2019-11-15T12:43:03","modified_gmt":"2019-11-15T11:43:03","slug":"bericht-vom-ov-abend-im-oktober","status":"publish","type":"post","link":"https:\/\/www.baerenfunk.de\/index.php\/2019\/10\/21\/bericht-vom-ov-abend-im-oktober\/","title":{"rendered":"Bericht vom OV-Abend im Oktober"},"content":{"rendered":"\n<p>Bericht vom OV-Abend am 09.10.2019<br>\nDie Themen waren unter anderem:<\/p>\n\n\n\n<p><strong>Wir funken mit dem Weihnachtsmann<\/strong><br> Da es ja die Aktion im letzten Jahr bis in die Hannoversche Allgemeine Zeitung geschafft hat, wollen wir sie in diesem Jahr wiederholen. Als Datum haben wir uns Samstag, den 21. Dezember (Nachmittags) ausgeguckt und beim &#8222;Lebendigen Adventskalender Linden&#8220; beantragt. Wir werden bei dieser Aktion in diesem Jahr vom ASB unterst\u00fctzt, der insbesondere die &#8222;L\u00fccke&#8220; zwischen dem Weihnachtsmarkt auf dem Lindener Berg und unserem Container so betreuen wird, das wir auch gefunden werden. Eventuell gibt es am Container noch was Nettes (Stockbrot oder so), um eventuell Wartenden die Zeit zu vertreiben. Es hat sich eine Arbeitsgruppe gebildet, die sich am kommenden Freitag noch einmal trifft, um die Veranstaltung vorzubereiten. Euer OVV kann selber leider am 21. Dezember nicht mitmachen &#8211; ich bin zu der Zeit in Reykjavik\u2026 <\/p>\n\n\n\n<p><strong>Jahresabschlussessen<\/strong><br> Wir werden in diesem Jahr kein Gr\u00fcnkohlessen durchf\u00fchren &#8211; stattdessen ist die Idee entstanden, den Jahresabschluss als gesonderten Termin zusammen mit den Nutzern von DB0TVH zu begehen. Idealer Ort daf\u00fcr w\u00e4re das La Gondola, das ja beim letzten DB0TVH Treffen eine &#8222;gute Figur&#8220; gemacht hat. Termin steht noch nicht fest, vielleicht wird ja auch ein Treffen zum Jahresbeginn 2020 daraus, je nachdem wie die Ausbuchung der Gastst\u00e4tte ist.<\/p>\n\n\n\n<p><strong>Container<\/strong><br>Charly, DD0DR wird am OV-Abend im November die von ihm erstellte Optimalplanung inklusive einer Teileliste mit Preisen vorstellen, so dass wir entscheidungsf\u00e4hig sind. Wir werden dann die Entscheidung zur \u00dcberarbeitung der Technik im Container treffen und mal gucken, was die OV Kasse und Freunde und F\u00f6rderer hergeben k\u00f6nnen.<\/p>\n\n\n\n<p><strong>SAQ-Film in der Pipeline \/ SAQ-Sendung  am 24. Oktober<\/strong><br> Wenn wir nach der Diskussion um den Container gen\u00fcgend Zeit haben, dann zeige ich auf dem OV-Abend am 13. November auch noch einen 20-Min\u00fctigen Film \u00fcber die Geschichte des L\u00e4ngstwellensenders SAQ in Schweden. F\u00fcr alle SAQ-Fans wichtig: Am Donnerstag dieser Woche, dem 24. Oktober wird SAQ aus Anlass des UN-Days von 18:00 Uhr UTC bis ca. 20:00 Uhr UTC senden. Eventuell wird eine Gruppe unserer Wohnmobilisten im kommenden Jahr im Sommer zum Alexanderson-Tag nach Schweden fahren, mehr dazu, wenn wir den genauen Termin des Alexanderson-Tages im Jahr 2020 &#8211; es kann sein, das er mit der Ham Radio in Friederichshafen zusammenf\u00e4llt. <\/p>\n\n\n\n<p><strong>Funkaktivit\u00e4t Ausleuchtungstest DB0RH und DB0ROD<\/strong><br>Die Region Hannover hat mittlerweile in ihre Funkleitzentrale den Amateurfunk fest integriert, Amateurfunkantennen auf dem Dach. Der Betrieb der Funkleitzentrale wird durch Funkamateure der Region Hannover und des ASB sichergestellt &#8211; ein gro\u00dfer Schritt, wenn man bedenkt, das alles vor zwei Jahren mit einem kleinen Amateurfunkkurs in der Region Hannover angefangen hatte. <br>Am Mittwoch, den 06. November Abends findet auf DB0ROD wieder Funkverkehr mit den Regeln des Notfunks statt, d.h. es wird eine Leitstation geben, zu der Kontakt aufgenommen werden soll. In diesem Zuge wird auch die Station DB0RH QRV sein und sicher auch DA0ASB vom ASB aus. Mitmachen ist ausdr\u00fccklich erw\u00fcnscht, also beobachtet DB0ROD am 05. November abends und meldet euch! Die Kurzwellenfunker unter uns werden den Funkbetrieb mit einer Leitstation eventuell aus den amerikanischen Kurzwellen-Funknetzen mit ihrer Net-Control oder aus der DOK-B\u00f6rse kennen.<\/p>\n\n\n\n<p><strong>Spannende Entwicklung bei den Relais im Umland<\/strong><br> Rund um das 2 Meter Deister-Relais DB0WD gibt es im Moment unter anderem von der Region Hannover aus Verhandlungen, den Standort zu \u00fcbernehmen und mit einem 2 Meter DMR-Relais auszustatten. Das Ganze ist im Moment noch nicht in trockenen T\u00fcchern &#8211; man darf gespannt sein, wie sich das entwickelt.<br> Bei den anderen Standorten (Siloah etc.) gibt es im Moment keine neuen Entwicklungen. <\/p>\n","protected":false},"excerpt":{"rendered":"<p>Bericht vom OV-Abend am 09.10.2019 Die Themen waren unter anderem: Wir funken mit dem Weihnachtsmann Da es ja die Aktion im letzten Jahr bis in die Hannoversche Allgemeine Zeitung geschafft &hellip; <\/p>\n<p class=\"link-more\"><a href=\"https:\/\/www.baerenfunk.de\/index.php\/2019\/10\/21\/bericht-vom-ov-abend-im-oktober\/\" class=\"more-link\"><span class=\"screen-reader-text\">\u201eBericht vom OV-Abend im Oktober\u201c<\/span> weiterlesen<\/a><\/p>\n","protected":false},"author":1,"featured_media":0,"comment_status":"closed","ping_status":"closed","sticky":false,"template":"","format":"standard","meta":{"footnotes":""},"categories":[75],"tags":[15,18,21],"_links":{"self":[{"href":"https:\/\/www.baerenfunk.de\/index.php\/wp-json\/wp\/v2\/posts\/1003"}],"collection":[{"href":"https:\/\/www.baerenfunk.de\/index.php\/wp-json\/wp\/v2\/posts"}],"about":[{"href":"https:\/\/www.baerenfunk.de\/index.php\/wp-json\/wp\/v2\/types\/post"}],"author":[{"embeddable":true,"href":"https:\/\/www.baerenfunk.de\/index.php\/wp-json\/wp\/v2\/users\/1"}],"replies":[{"embeddable":true,"href":"https:\/\/www.baerenfunk.de\/index.php\/wp-json\/wp\/v2\/comments?post=1003"}],"version-history":[{"count":3,"href":"https:\/\/www.baerenfunk.de\/index.php\/wp-json\/wp\/v2\/posts\/1003\/revisions"}],"predecessor-version":[{"id":1007,"href":"https:\/\/www.baerenfunk.de\/index.php\/wp-json\/wp\/v2\/posts\/1003\/revisions\/1007"}],"wp:attachment":[{"href":"https:\/\/www.baerenfunk.de\/index.php\/wp-json\/wp\/v2\/media?parent=1003"}],"wp:term":[{"taxonomy":"category","embeddable":true,"href":"https:\/\/www.baerenfunk.de\/index.php\/wp-json\/wp\/v2\/categories?post=1003"},{"taxonomy":"post_tag","embeddable":true,"href":"https:\/\/www.baerenfunk.de\/index.php\/wp-json\/wp\/v2\/tags?post=1003"}],"curies":[{"name":"wp","href":"https:\/\/api.w.org\/{rel}","templated":true}]}}